{"id":12602,"date":"2025-02-11T11:03:56","date_gmt":"2025-02-11T10:03:56","guid":{"rendered":"https:\/\/www.univ-mosta.dz\/vrcc\/?p=12602"},"modified":"2025-02-11T11:32:45","modified_gmt":"2025-02-11T10:32:45","slug":"lappel-a-projets-pour-la-transition-verte","status":"publish","type":"post","link":"https:\/\/www.univ-mosta.dz\/vrcc\/lappel-a-projets-pour-la-transition-verte\/","title":{"rendered":"Appel \u00e0 projets pour la transition verte"},"content":{"rendered":"\n<p>Nous avons l\u2019honneur de vous informer du lancement de l&rsquo;Appel \u00e0 projets pour la Transition verte qui pr\u00e9voit un financement de 83,7 millions d&rsquo;euros de l&rsquo;Union europ\u00e9enne pour relever les d\u00e9fis climatiques dans la r\u00e9gion m\u00e9diterran\u00e9enne.<\/p>\n\n\n\n<p class=\"has-vivid-green-cyan-background-color has-background\"><blockquote class=\"wp-embedded-content\" data-secret=\"CiZ5Vdhm18\"><a href=\"https:\/\/www.interregnextmed.eu\/apply-for-funding\/second-call-for-proposals\/\" target=\"_blank\" rel=\"noopener\">Second call for proposals &#8211; OPEN<\/a><\/blockquote><iframe loading=\"lazy\" class=\"wp-embedded-content\" sandbox=\"allow-scripts\" security=\"restricted\" style=\"position: absolute; visibility: hidden;\" title=\"&#8220;Second call for proposals &#8211; OPEN&#8221; &#8212; Interreg NEXT MED\" src=\"https:\/\/www.interregnextmed.eu\/apply-for-funding\/second-call-for-proposals\/embed\/#?secret=3hQI4P7xdo#?secret=CiZ5Vdhm18\" data-secret=\"CiZ5Vdhm18\" width=\"500\" height=\"282\" frameborder=\"0\" marginwidth=\"0\" marginheight=\"0\" scrolling=\"no\"><\/iframe><\/p>\n\n\n\n<ul class=\"wp-block-list\">\n<li class=\"has-luminous-vivid-orange-color has-text-color has-link-color has-medium-font-size wp-elements-1ad95ef0912d4fa6d8cd01dc3a52ec07\">Les propositions doivent \u00eatre soumises avant le 15 avril 2025.<\/li>\n<\/ul>\n\n\n<div class=\"wp-block-image is-style-rounded\">\n<figure class=\"aligncenter size-large\"><img loading=\"lazy\" decoding=\"async\" width=\"1024\" height=\"576\" src=\"https:\/\/www.univ-mosta.dz\/vrcc\/wp-content\/uploads\/sites\/13\/2025\/02\/Progetto-senza-titolo-27-1536x864-3-1024x576.png\" alt=\"\" class=\"wp-image-12616\" srcset=\"https:\/\/www.univ-mosta.dz\/vrcc\/wp-content\/uploads\/sites\/13\/2025\/02\/Progetto-senza-titolo-27-1536x864-3-1024x576.png 1024w, https:\/\/www.univ-mosta.dz\/vrcc\/wp-content\/uploads\/sites\/13\/2025\/02\/Progetto-senza-titolo-27-1536x864-3-300x169.png 300w, https:\/\/www.univ-mosta.dz\/vrcc\/wp-content\/uploads\/sites\/13\/2025\/02\/Progetto-senza-titolo-27-1536x864-3-768x432.png 768w, https:\/\/www.univ-mosta.dz\/vrcc\/wp-content\/uploads\/sites\/13\/2025\/02\/Progetto-senza-titolo-27-1536x864-3.png 1536w\" sizes=\"auto, (max-width: 1024px) 100vw, 1024px\" \/><\/figure>\n<\/div>","protected":false},"excerpt":{"rendered":"<p>Nous avons l\u2019honneur de vous informer du lancement de l&rsquo;Appel \u00e0 projets pour la Transition verte qui pr\u00e9voit un financement de 83,7 millions d&rsquo;euros de l&rsquo;Union europ\u00e9enne pour relever les &hellip;<\/p>\n","protected":false},"author":15,"featured_media":12603,"comment_status":"closed","ping_status":"","sticky":false,"template":"","format":"standard","meta":{"_coblocks_attr":"","_coblocks_dimensions":"","_coblocks_responsive_height":"","_coblocks_accordion_ie_support":"","_EventAllDay":false,"_EventTimezone":"","_EventStartDate":"","_EventEndDate":"","_EventStartDateUTC":"","_EventEndDateUTC":"","_EventShowMap":false,"_EventShowMapLink":false,"_EventURL":"","_EventCost":"","_EventCostDescription":"","_EventCurrencySymbol":"","_EventCurrencyCode":"","_EventCurrencyPosition":"","_EventDateTimeSeparator":"","_EventTimeRangeSeparator":"","_EventOrganizerID":[],"_EventVenueID":[],"_OrganizerEmail":"","_OrganizerPhone":"","_OrganizerWebsite":"","_VenueAddress":"","_VenueCity":"","_VenueCountry":"","_VenueProvince":"","_VenueState":"","_VenueZip":"","_VenuePhone":"","_VenueURL":"","_VenueStateProvince":"","_VenueLat":"","_VenueLng":"","_VenueShowMap":false,"_VenueShowMapLink":false,"footnotes":""},"categories":[3],"tags":[],"class_list":["post-12602","post","type-post","status-publish","format-standard","has-post-thumbnail","hentry","category-actualites"],"_links":{"self":[{"href":"https:\/\/www.univ-mosta.dz\/vrcc\/wp-json\/wp\/v2\/posts\/12602","targetHints":{"allow":["GET"]}}],"collection":[{"href":"https:\/\/www.univ-mosta.dz\/vrcc\/wp-json\/wp\/v2\/posts"}],"about":[{"href":"https:\/\/www.univ-mosta.dz\/vrcc\/wp-json\/wp\/v2\/types\/post"}],"author":[{"embeddable":true,"href":"https:\/\/www.univ-mosta.dz\/vrcc\/wp-json\/wp\/v2\/users\/15"}],"replies":[{"embeddable":true,"href":"https:\/\/www.univ-mosta.dz\/vrcc\/wp-json\/wp\/v2\/comments?post=12602"}],"version-history":[{"count":6,"href":"https:\/\/www.univ-mosta.dz\/vrcc\/wp-json\/wp\/v2\/posts\/12602\/revisions"}],"predecessor-version":[{"id":12618,"href":"https:\/\/www.univ-mosta.dz\/vrcc\/wp-json\/wp\/v2\/posts\/12602\/revisions\/12618"}],"wp:featuredmedia":[{"embeddable":true,"href":"https:\/\/www.univ-mosta.dz\/vrcc\/wp-json\/wp\/v2\/media\/12603"}],"wp:attachment":[{"href":"https:\/\/www.univ-mosta.dz\/vrcc\/wp-json\/wp\/v2\/media?parent=12602"}],"wp:term":[{"taxonomy":"category","embeddable":true,"href":"https:\/\/www.univ-mosta.dz\/vrcc\/wp-json\/wp\/v2\/categories?post=12602"},{"taxonomy":"post_tag","embeddable":true,"href":"https:\/\/www.univ-mosta.dz\/vrcc\/wp-json\/wp\/v2\/tags?post=12602"}],"curies":[{"name":"wp","href":"https:\/\/api.w.org\/{rel}","templated":true}]}}