{"id":12570,"date":"2025-02-09T10:26:25","date_gmt":"2025-02-09T09:26:25","guid":{"rendered":"https:\/\/www.univ-mosta.dz\/vrcc\/?p=12570"},"modified":"2025-02-13T09:15:44","modified_gmt":"2025-02-13T08:15:44","slug":"vacance-de-postes-au-sein-de-lunion-africaine","status":"publish","type":"post","link":"https:\/\/www.univ-mosta.dz\/vrcc\/vacance-de-postes-au-sein-de-lunion-africaine\/","title":{"rendered":"Vacance de postes au sein de l&rsquo;Union Africaine"},"content":{"rendered":"\n<p>L\u2019Union africaine (UA) a r\u00e9cemment publi\u00e9 plusieurs offres d\u2019emploi au sein de ses<br>institutions, notamment le Centre africain de contr\u00f4le et de pr\u00e9vention des maladies (CDC<br>Afrique), le Secr\u00e9tariat de la Zone de libre-\u00e9change continentale africaine (ZLECAf) et la<br>Commission de l\u2019UA.<br>Parmi les postes \u00e0 pourvoir, figure celui de Directeur de l&rsquo;Agriculture et du D\u00e9veloppement<br>rural, ainsi que plusieurs autres opportunit\u00e9s dans des secteurs strat\u00e9giques tels que la<br>sant\u00e9, la finance\u00a0et le commerce.<br><br>Les candidats int\u00e9ress\u00e9s sont invit\u00e9s \u00e0 postuler en ligne\u00a0via le site web :\u00a0https:\/\/jobs.au.int\/,<br>en utilisant un C.V type, \u00e0 t\u00e9l\u00e9charger sur ledit site web.\u00a0<br><br>Afin de nous permettre d\u2019envoyer la liste des postulants au MESRS, veuillez nous envoyer le document relatif \u00e0 votre candidature par mail\u00a0:\u00a0djameleddine.lasouani@univ-mosta.dz \/<br>kheira.boubout@univ-mosta.dz<\/p>\n\n\n\n<p><br><\/p>\n\n\n\n<p>Liste des postes vacants au sein de l&rsquo;UA :<\/p>\n\n\n\n<figure class=\"wp-block-table is-style-regular\"><table class=\"has-background\" style=\"background-color:#f3f3f3\"><tbody><tr><td>N\u00b0<\/td><td>Poste<\/td><td>D\u00e9partement\/ Direction\/Organes<\/td><td>Grade<\/td><td>Type de Contrat<\/td><td>Lieu d&rsquo;affectation<\/td><td>Date de cl\u00f4ture<a><\/a><\/td><\/tr><tr><td>1<\/td><td>Expert(e) principal(e)-Barri\u00e8res non tarifaire (BNT)<\/td><td>&nbsp; ZLECAf<\/td><td>P4<\/td><td>Dur\u00e9e d\u00e9termin\u00e9e<\/td><td>Accra, Ghana<\/td><td>&nbsp; 07\/02\/2025<\/td><\/tr><tr><td>2<\/td><td>Agent(e) technique principal(e) (Immunisation)-Pr\u00e9paration aux maladies \u00e9vitables par la vaccination<\/td><td>&nbsp; AfCDC<\/td><td>P3<\/td><td>Dur\u00e9e d\u00e9termin\u00e9e<\/td><td>Diff\u00e9rents lieux d&rsquo;affectation<\/td><td>&nbsp; 08\/02\/2025<\/td><\/tr><tr><td>3<\/td><td>Tr\u00e9sorerie<\/td><td>AfCDC<\/td><td>P2<\/td><td>Dur\u00e9e d\u00e9termin\u00e9e<\/td><td>Addis Abeba Ethiopie<\/td><td>&nbsp; 10\/02\/2025<\/td><\/tr><tr><td>4<\/td><td>Responsable Technique- Acc\u00e8s au diagnostic<\/td><td>AfCDC<\/td><td>P2<\/td><td>Dur\u00e9e d\u00e9termin\u00e9e<\/td><td>Addis Abeba Ethiopie<\/td><td>10\/02\/2025<\/td><\/tr><tr><td>5<\/td><td>Charg\u00e9(e) Technique Principal(e) Paludisme et autres Maladies&nbsp;\u00e0 Transmission&nbsp; Vectorielle<\/td><td>&nbsp; AfCDC<\/td><td>P3<\/td><td>Dur\u00e9e d\u00e9termin\u00e9e<\/td><td>Addis Abeba Ethiopie<\/td><td>&nbsp; 10\/02\/2025<\/td><\/tr><tr><td>6<\/td><td>Directeur, Agriculture&nbsp; et d\u00e9veloppement rural<\/td><td>AUC<\/td><td>D1<\/td><td>Dur\u00e9e d\u00e9termin\u00e9e<\/td><td>Addis Abeba Ethiopie<\/td><td>17\/02\/2025<\/td><\/tr><\/tbody><\/table><\/figure>\n\n\n\n<p><\/p>\n","protected":false},"excerpt":{"rendered":"<p>L\u2019Union africaine (UA) a r\u00e9cemment publi\u00e9 plusieurs offres d\u2019emploi au sein de sesinstitutions, notamment le Centre africain de contr\u00f4le et de pr\u00e9vention des maladies (CDCAfrique), le Secr\u00e9tariat de la Zone &hellip;<\/p>\n","protected":false},"author":15,"featured_media":12571,"comment_status":"closed","ping_status":"","sticky":false,"template":"","format":"standard","meta":{"_coblocks_attr":"","_coblocks_dimensions":"","_coblocks_responsive_height":"","_coblocks_accordion_ie_support":"","_EventAllDay":false,"_EventTimezone":"","_EventStartDate":"","_EventEndDate":"","_EventStartDateUTC":"","_EventEndDateUTC":"","_EventShowMap":false,"_EventShowMapLink":false,"_EventURL":"","_EventCost":"","_EventCostDescription":"","_EventCurrencySymbol":"","_EventCurrencyCode":"","_EventCurrencyPosition":"","_EventDateTimeSeparator":"","_EventTimeRangeSeparator":"","_EventOrganizerID":[],"_EventVenueID":[],"_OrganizerEmail":"","_OrganizerPhone":"","_OrganizerWebsite":"","_VenueAddress":"","_VenueCity":"","_VenueCountry":"","_VenueProvince":"","_VenueState":"","_VenueZip":"","_VenuePhone":"","_VenueURL":"","_VenueStateProvince":"","_VenueLat":"","_VenueLng":"","_VenueShowMap":false,"_VenueShowMapLink":false,"footnotes":""},"categories":[3],"tags":[],"class_list":["post-12570","post","type-post","status-publish","format-standard","has-post-thumbnail","hentry","category-actualites"],"_links":{"self":[{"href":"https:\/\/www.univ-mosta.dz\/vrcc\/wp-json\/wp\/v2\/posts\/12570","targetHints":{"allow":["GET"]}}],"collection":[{"href":"https:\/\/www.univ-mosta.dz\/vrcc\/wp-json\/wp\/v2\/posts"}],"about":[{"href":"https:\/\/www.univ-mosta.dz\/vrcc\/wp-json\/wp\/v2\/types\/post"}],"author":[{"embeddable":true,"href":"https:\/\/www.univ-mosta.dz\/vrcc\/wp-json\/wp\/v2\/users\/15"}],"replies":[{"embeddable":true,"href":"https:\/\/www.univ-mosta.dz\/vrcc\/wp-json\/wp\/v2\/comments?post=12570"}],"version-history":[{"count":3,"href":"https:\/\/www.univ-mosta.dz\/vrcc\/wp-json\/wp\/v2\/posts\/12570\/revisions"}],"predecessor-version":[{"id":12631,"href":"https:\/\/www.univ-mosta.dz\/vrcc\/wp-json\/wp\/v2\/posts\/12570\/revisions\/12631"}],"wp:featuredmedia":[{"embeddable":true,"href":"https:\/\/www.univ-mosta.dz\/vrcc\/wp-json\/wp\/v2\/media\/12571"}],"wp:attachment":[{"href":"https:\/\/www.univ-mosta.dz\/vrcc\/wp-json\/wp\/v2\/media?parent=12570"}],"wp:term":[{"taxonomy":"category","embeddable":true,"href":"https:\/\/www.univ-mosta.dz\/vrcc\/wp-json\/wp\/v2\/categories?post=12570"},{"taxonomy":"post_tag","embeddable":true,"href":"https:\/\/www.univ-mosta.dz\/vrcc\/wp-json\/wp\/v2\/tags?post=12570"}],"curies":[{"name":"wp","href":"https:\/\/api.w.org\/{rel}","templated":true}]}}