{"id":12472,"date":"2025-01-22T11:51:30","date_gmt":"2025-01-22T10:51:30","guid":{"rendered":"https:\/\/www.univ-mosta.dz\/vrcc\/?p=12472"},"modified":"2025-01-22T14:50:59","modified_gmt":"2025-01-22T13:50:59","slug":"prix-mondiaux-de-lompi-2025-des-start-ups-et-pme-a-geneve-suisse","status":"publish","type":"post","link":"https:\/\/www.univ-mosta.dz\/vrcc\/prix-mondiaux-de-lompi-2025-des-start-ups-et-pme-a-geneve-suisse\/","title":{"rendered":"Prix mondiaux de l\u2019OMPI 2025 des Start-ups et PME \u00e0 Gen\u00e8ve, Suisse"},"content":{"rendered":"\n<p>L\u2019Organisation Mondiale de la Propri\u00e9t\u00e9 Intellectuelle (OMPI) a lanc\u00e9 les prix mondiaux de l\u2019OMPI 2025 de Gen\u00e8ve pour r\u00e9compenser les meilleures start-ups et PME en activit\u00e9, et qui sont sujet d\u2019une demande d\u2019enregistrement d\u2019un droit de propri\u00e9t\u00e9 intellectuelle et\/ou titulaire d\u2019un droit de propri\u00e9t\u00e9 intellectuelle enregistr\u00e9.<br><br>Vous trouverez en pi\u00e8ce jointe un document explicatif :<br><\/p>\n\n\n\n<div data-wp-interactive=\"core\/file\" class=\"wp-block-file\"><object data-wp-bind--hidden=\"!state.hasPdfPreview\" hidden class=\"wp-block-file__embed\" data=\"https:\/\/www.univ-mosta.dz\/vrcc\/wp-content\/uploads\/sites\/13\/2025\/01\/prix-mondiaux-de-l-OMPI-2025.pdf\" type=\"application\/pdf\" style=\"width:100%;height:600px\" aria-label=\"Contenu embarqu\u00e9 prix mondiaux de l OMPI 2025.\"><\/object><a id=\"wp-block-file--media-f25269b4-350a-4948-9ea8-c7584dbcda60\" href=\"https:\/\/www.univ-mosta.dz\/vrcc\/wp-content\/uploads\/sites\/13\/2025\/01\/prix-mondiaux-de-l-OMPI-2025.pdf\">prix mondiaux de l OMPI 2025<\/a><a href=\"https:\/\/www.univ-mosta.dz\/vrcc\/wp-content\/uploads\/sites\/13\/2025\/01\/prix-mondiaux-de-l-OMPI-2025.pdf\" class=\"wp-block-file__button wp-element-button\" download aria-describedby=\"wp-block-file--media-f25269b4-350a-4948-9ea8-c7584dbcda60\">T\u00e9l\u00e9charger<\/a><\/div>\n","protected":false},"excerpt":{"rendered":"<p>L\u2019Organisation Mondiale de la Propri\u00e9t\u00e9 Intellectuelle (OMPI) a lanc\u00e9 les prix mondiaux de l\u2019OMPI 2025 de Gen\u00e8ve pour r\u00e9compenser les meilleures start-ups et PME en activit\u00e9, et qui sont sujet &hellip;<\/p>\n","protected":false},"author":15,"featured_media":12475,"comment_status":"closed","ping_status":"","sticky":false,"template":"","format":"standard","meta":{"_coblocks_attr":"","_coblocks_dimensions":"","_coblocks_responsive_height":"","_coblocks_accordion_ie_support":"","_EventAllDay":false,"_EventTimezone":"","_EventStartDate":"","_EventEndDate":"","_EventStartDateUTC":"","_EventEndDateUTC":"","_EventShowMap":false,"_EventShowMapLink":false,"_EventURL":"","_EventCost":"","_EventCostDescription":"","_EventCurrencySymbol":"","_EventCurrencyCode":"","_EventCurrencyPosition":"","_EventDateTimeSeparator":"","_EventTimeRangeSeparator":"","_EventOrganizerID":[],"_EventVenueID":[],"_OrganizerEmail":"","_OrganizerPhone":"","_OrganizerWebsite":"","_VenueAddress":"","_VenueCity":"","_VenueCountry":"","_VenueProvince":"","_VenueState":"","_VenueZip":"","_VenuePhone":"","_VenueURL":"","_VenueStateProvince":"","_VenueLat":"","_VenueLng":"","_VenueShowMap":false,"_VenueShowMapLink":false,"footnotes":""},"categories":[3],"tags":[],"class_list":["post-12472","post","type-post","status-publish","format-standard","has-post-thumbnail","hentry","category-actualites"],"_links":{"self":[{"href":"https:\/\/www.univ-mosta.dz\/vrcc\/wp-json\/wp\/v2\/posts\/12472","targetHints":{"allow":["GET"]}}],"collection":[{"href":"https:\/\/www.univ-mosta.dz\/vrcc\/wp-json\/wp\/v2\/posts"}],"about":[{"href":"https:\/\/www.univ-mosta.dz\/vrcc\/wp-json\/wp\/v2\/types\/post"}],"author":[{"embeddable":true,"href":"https:\/\/www.univ-mosta.dz\/vrcc\/wp-json\/wp\/v2\/users\/15"}],"replies":[{"embeddable":true,"href":"https:\/\/www.univ-mosta.dz\/vrcc\/wp-json\/wp\/v2\/comments?post=12472"}],"version-history":[{"count":2,"href":"https:\/\/www.univ-mosta.dz\/vrcc\/wp-json\/wp\/v2\/posts\/12472\/revisions"}],"predecessor-version":[{"id":12476,"href":"https:\/\/www.univ-mosta.dz\/vrcc\/wp-json\/wp\/v2\/posts\/12472\/revisions\/12476"}],"wp:featuredmedia":[{"embeddable":true,"href":"https:\/\/www.univ-mosta.dz\/vrcc\/wp-json\/wp\/v2\/media\/12475"}],"wp:attachment":[{"href":"https:\/\/www.univ-mosta.dz\/vrcc\/wp-json\/wp\/v2\/media?parent=12472"}],"wp:term":[{"taxonomy":"category","embeddable":true,"href":"https:\/\/www.univ-mosta.dz\/vrcc\/wp-json\/wp\/v2\/categories?post=12472"},{"taxonomy":"post_tag","embeddable":true,"href":"https:\/\/www.univ-mosta.dz\/vrcc\/wp-json\/wp\/v2\/tags?post=12472"}],"curies":[{"name":"wp","href":"https:\/\/api.w.org\/{rel}","templated":true}]}}