{"id":12455,"date":"2025-01-20T10:20:11","date_gmt":"2025-01-20T09:20:11","guid":{"rendered":"https:\/\/www.univ-mosta.dz\/vrcc\/?p=12455"},"modified":"2025-01-21T10:19:01","modified_gmt":"2025-01-21T09:19:01","slug":"appel-a-candidature-du-programme-mobile-24-avec-luniversite-de-porto-portugal-2","status":"publish","type":"post","link":"https:\/\/www.univ-mosta.dz\/vrcc\/appel-a-candidature-du-programme-mobile-24-avec-luniversite-de-porto-portugal-2\/","title":{"rendered":"Appel \u00e0 candidature du programme \u00abMobile 24 avec l\u2019Universit\u00e9 de Porto (Portugal)"},"content":{"rendered":"\n<figure class=\"wp-block-image size-large is-resized\"><img loading=\"lazy\" decoding=\"async\" width=\"1024\" height=\"294\" src=\"https:\/\/www.univ-mosta.dz\/vrcc\/wp-content\/uploads\/sites\/13\/2025\/01\/1200px-Erasmus_Logo.svg_-2-1024x294.png\" alt=\"\" class=\"wp-image-12442\" style=\"width:259px;height:auto\" srcset=\"https:\/\/www.univ-mosta.dz\/vrcc\/wp-content\/uploads\/sites\/13\/2025\/01\/1200px-Erasmus_Logo.svg_-2-1024x294.png 1024w, https:\/\/www.univ-mosta.dz\/vrcc\/wp-content\/uploads\/sites\/13\/2025\/01\/1200px-Erasmus_Logo.svg_-2-300x86.png 300w, https:\/\/www.univ-mosta.dz\/vrcc\/wp-content\/uploads\/sites\/13\/2025\/01\/1200px-Erasmus_Logo.svg_-2-768x220.png 768w, https:\/\/www.univ-mosta.dz\/vrcc\/wp-content\/uploads\/sites\/13\/2025\/01\/1200px-Erasmus_Logo.svg_-2.png 1200w\" sizes=\"auto, (max-width: 1024px) 100vw, 1024px\" \/><\/figure>\n\n\n\n<figure class=\"wp-block-image size-large is-resized\"><img loading=\"lazy\" decoding=\"async\" width=\"1024\" height=\"223\" src=\"https:\/\/www.univ-mosta.dz\/vrcc\/wp-content\/uploads\/sites\/13\/2025\/01\/1200px-Logoup-2-1024x223.jpg\" alt=\"\" class=\"wp-image-12441\" style=\"width:189px;height:auto\" srcset=\"https:\/\/www.univ-mosta.dz\/vrcc\/wp-content\/uploads\/sites\/13\/2025\/01\/1200px-Logoup-2-1024x223.jpg 1024w, https:\/\/www.univ-mosta.dz\/vrcc\/wp-content\/uploads\/sites\/13\/2025\/01\/1200px-Logoup-2-300x65.jpg 300w, https:\/\/www.univ-mosta.dz\/vrcc\/wp-content\/uploads\/sites\/13\/2025\/01\/1200px-Logoup-2-768x167.jpg 768w, https:\/\/www.univ-mosta.dz\/vrcc\/wp-content\/uploads\/sites\/13\/2025\/01\/1200px-Logoup-2.jpg 1200w\" sizes=\"auto, (max-width: 1024px) 100vw, 1024px\" \/><\/figure>\n\n\n\n<p>L\u2019Universit\u00e9 de Mostaganem a le plaisir de vous informer de l\u2019ouverture du Premier appel \u00e0 candidature du programme \u00ab\u00a0Mobile 24\u00a0\u00bb avec l\u2019Universit\u00e9 de Porto (Portugal) au profit des \u00e9tudiants (Licence, Master et Doctorat) inscrits \u00e0 l\u2019Universit\u00e9 de Mostaganem ainsi que le personnel acad\u00e9mique et administratif.<br><br>**Pour Candidater inscrivez-vous en ligne via le lien suivant : <\/p>\n\n\n\n<p class=\"has-text-align-center has-vivid-cyan-blue-color has-text-color has-link-color has-medium-font-size wp-elements-85ca0c3a6a2eb178c002f56de97b59d9\">&nbsp;https:\/\/mobile24.up.pt\/apply<\/p>\n\n\n\n<p class=\"has-vivid-red-color has-text-color has-link-color has-medium-font-size wp-elements-55b85d4bd029d9e7e751ee4c34beaf40\">**Date limite des inscriptions en ligne est fix\u00e9e :\u00a015 f\u00e9vrier 2025<br><\/p>\n\n\n\n<figure class=\"wp-block-image size-large\"><img loading=\"lazy\" decoding=\"async\" width=\"724\" height=\"1024\" src=\"https:\/\/www.univ-mosta.dz\/vrcc\/wp-content\/uploads\/sites\/13\/2025\/01\/Pages-de-guidelines_for_applicants_mobile24-1-724x1024.jpg\" alt=\"\" class=\"wp-image-12418\" srcset=\"https:\/\/www.univ-mosta.dz\/vrcc\/wp-content\/uploads\/sites\/13\/2025\/01\/Pages-de-guidelines_for_applicants_mobile24-1-724x1024.jpg 724w, https:\/\/www.univ-mosta.dz\/vrcc\/wp-content\/uploads\/sites\/13\/2025\/01\/Pages-de-guidelines_for_applicants_mobile24-1-212x300.jpg 212w, https:\/\/www.univ-mosta.dz\/vrcc\/wp-content\/uploads\/sites\/13\/2025\/01\/Pages-de-guidelines_for_applicants_mobile24-1-768x1086.jpg 768w, https:\/\/www.univ-mosta.dz\/vrcc\/wp-content\/uploads\/sites\/13\/2025\/01\/Pages-de-guidelines_for_applicants_mobile24-1-1086x1536.jpg 1086w, https:\/\/www.univ-mosta.dz\/vrcc\/wp-content\/uploads\/sites\/13\/2025\/01\/Pages-de-guidelines_for_applicants_mobile24-1-1448x2048.jpg 1448w, https:\/\/www.univ-mosta.dz\/vrcc\/wp-content\/uploads\/sites\/13\/2025\/01\/Pages-de-guidelines_for_applicants_mobile24-1.jpg 1654w\" sizes=\"auto, (max-width: 724px) 100vw, 724px\" \/><\/figure>\n\n\n\n<p class=\"has-vivid-red-color has-text-color has-link-color has-medium-font-size\"><br><\/p>\n","protected":false},"excerpt":{"rendered":"<p>L\u2019Universit\u00e9 de Mostaganem a le plaisir de vous informer de l\u2019ouverture du Premier appel \u00e0 candidature du programme \u00ab\u00a0Mobile 24\u00a0\u00bb avec l\u2019Universit\u00e9 de Porto (Portugal) au profit des \u00e9tudiants (Licence, &hellip;<\/p>\n","protected":false},"author":15,"featured_media":12423,"comment_status":"closed","ping_status":"","sticky":false,"template":"","format":"standard","meta":{"_coblocks_attr":"","_coblocks_dimensions":"","_coblocks_responsive_height":"","_coblocks_accordion_ie_support":"","_EventAllDay":false,"_EventTimezone":"","_EventStartDate":"","_EventEndDate":"","_EventStartDateUTC":"","_EventEndDateUTC":"","_EventShowMap":false,"_EventShowMapLink":false,"_EventURL":"","_EventCost":"","_EventCostDescription":"","_EventCurrencySymbol":"","_EventCurrencyCode":"","_EventCurrencyPosition":"","_EventDateTimeSeparator":"","_EventTimeRangeSeparator":"","_EventOrganizerID":[],"_EventVenueID":[],"_OrganizerEmail":"","_OrganizerPhone":"","_OrganizerWebsite":"","_VenueAddress":"","_VenueCity":"","_VenueCountry":"","_VenueProvince":"","_VenueState":"","_VenueZip":"","_VenuePhone":"","_VenueURL":"","_VenueStateProvince":"","_VenueLat":"","_VenueLng":"","_VenueShowMap":false,"_VenueShowMapLink":false,"footnotes":""},"categories":[3,4],"tags":[],"class_list":["post-12455","post","type-post","status-publish","format-standard","has-post-thumbnail","hentry","category-actualites","category-bourses"],"_links":{"self":[{"href":"https:\/\/www.univ-mosta.dz\/vrcc\/wp-json\/wp\/v2\/posts\/12455","targetHints":{"allow":["GET"]}}],"collection":[{"href":"https:\/\/www.univ-mosta.dz\/vrcc\/wp-json\/wp\/v2\/posts"}],"about":[{"href":"https:\/\/www.univ-mosta.dz\/vrcc\/wp-json\/wp\/v2\/types\/post"}],"author":[{"embeddable":true,"href":"https:\/\/www.univ-mosta.dz\/vrcc\/wp-json\/wp\/v2\/users\/15"}],"replies":[{"embeddable":true,"href":"https:\/\/www.univ-mosta.dz\/vrcc\/wp-json\/wp\/v2\/comments?post=12455"}],"version-history":[{"count":2,"href":"https:\/\/www.univ-mosta.dz\/vrcc\/wp-json\/wp\/v2\/posts\/12455\/revisions"}],"predecessor-version":[{"id":12458,"href":"https:\/\/www.univ-mosta.dz\/vrcc\/wp-json\/wp\/v2\/posts\/12455\/revisions\/12458"}],"wp:featuredmedia":[{"embeddable":true,"href":"https:\/\/www.univ-mosta.dz\/vrcc\/wp-json\/wp\/v2\/media\/12423"}],"wp:attachment":[{"href":"https:\/\/www.univ-mosta.dz\/vrcc\/wp-json\/wp\/v2\/media?parent=12455"}],"wp:term":[{"taxonomy":"category","embeddable":true,"href":"https:\/\/www.univ-mosta.dz\/vrcc\/wp-json\/wp\/v2\/categories?post=12455"},{"taxonomy":"post_tag","embeddable":true,"href":"https:\/\/www.univ-mosta.dz\/vrcc\/wp-json\/wp\/v2\/tags?post=12455"}],"curies":[{"name":"wp","href":"https:\/\/api.w.org\/{rel}","templated":true}]}}