{"id":12383,"date":"2025-01-20T09:32:52","date_gmt":"2025-01-20T08:32:52","guid":{"rendered":"https:\/\/www.univ-mosta.dz\/vrcc\/?p=12383"},"modified":"2025-01-20T09:44:28","modified_gmt":"2025-01-20T08:44:28","slug":"appel-a-candidatures-pour-plusieurs-postes-vacants-a-lalecso","status":"publish","type":"post","link":"https:\/\/www.univ-mosta.dz\/vrcc\/appel-a-candidatures-pour-plusieurs-postes-vacants-a-lalecso\/","title":{"rendered":"Appel \u00e0 candidatures pour plusieurs postes vacants \u00e0 l&rsquo;ALECSO"},"content":{"rendered":"<div class=\"wp-block-image\">\n<figure class=\"alignleft size-full is-resized\"><img loading=\"lazy\" decoding=\"async\" width=\"254\" height=\"255\" src=\"https:\/\/www.univ-mosta.dz\/vrcc\/wp-content\/uploads\/sites\/13\/2025\/01\/47497867_566085383804502_8039608007023132672_n.png\" alt=\"\" class=\"wp-image-12385\" style=\"width:138px;height:auto\" srcset=\"https:\/\/www.univ-mosta.dz\/vrcc\/wp-content\/uploads\/sites\/13\/2025\/01\/47497867_566085383804502_8039608007023132672_n.png 254w, https:\/\/www.univ-mosta.dz\/vrcc\/wp-content\/uploads\/sites\/13\/2025\/01\/47497867_566085383804502_8039608007023132672_n-150x150.png 150w\" sizes=\"auto, (max-width: 254px) 100vw, 254px\" \/><\/figure>\n<\/div>\n\n\n<p>L\u2019Organisation arabe pour l\u2019\u00e9ducation, la culture et les sciences (ALECSO) annonce<br>l\u2019ouverture des candidatures pour occuper plusieurs postes vacants. Les candidatures<br>doivent \u00eatre soumises via le formulaire annex\u00e9, pour les postes suivants, dont le si\u00e8ge est \u00e0 Tunis :<br>\uf0b7 Directeur de l\u2019Institut des Manuscrits Arabes au Caire (grade : Directeur principal)<br>\uf0b7 Directeur de l\u2019Institut International de la Langue Arabe \u00e0 Khartoum, Soudan (grade<br>: Directeur principal)<br>\uf0b7 Sp\u00e9cialiste en gestion de l\u2019\u00e9ducation au sein de l\u2019administration g\u00e9n\u00e9rale \u00e0 Tunis<br>\uf0b7 Sp\u00e9cialiste en gestion des sciences et de la recherche scientifique au sein de<br>l\u2019administration g\u00e9n\u00e9rale \u00e0 Tunis<br>\uf0b7 Sp\u00e9cialiste en gestion du bureau du directeur g\u00e9n\u00e9ral au sein de l\u2019administration<br>g\u00e9n\u00e9rale \u00e0 Tunis<br>\uf0b7 Sp\u00e9cialiste en gestion de l\u2019information et de la communication au sein de l\u2019administration g\u00e9n\u00e9rale \u00e0 Tunis<br>\uf0b7 Directeur des affaires administratives et financi\u00e8res au sein de l\u2019administration<br>g\u00e9n\u00e9rale \u00e0 Tunis<br>\uf0b7 Sp\u00e9cialiste en gestion de la culture au sein de l\u2019administration g\u00e9n\u00e9rale \u00e0 Tunis<br><br>Pour plus d\u2019informations, veuillez consulter la page d\u00e9di\u00e9e aux candidatures en suivant le lien indiqu\u00e9. http:\/\/www.unesco.dz\/page\/appel-a-candidature-pour-pourvoir-des postes-vacants-au-sein-de-lorganisation-arabe-pour-leducation-la-culture-et-la-science<br><\/p>\n\n\n\n<div data-wp-interactive=\"core\/file\" class=\"wp-block-file\"><object data-wp-bind--hidden=\"!state.hasPdfPreview\" hidden class=\"wp-block-file__embed\" data=\"https:\/\/www.univ-mosta.dz\/vrcc\/wp-content\/uploads\/sites\/13\/2025\/01\/\u0627\u0633\u062a\u0645\u0627\u0631\u0629-\u0627\u0644\u062a\u0631\u0634\u062d-\u0623\u0644\u0643\u0633\u0648-2024-2.pdf\" type=\"application\/pdf\" style=\"width:100%;height:600px\" aria-label=\"Contenu embarqu\u00e9 \u0627\u0633\u062a\u0645\u0627\u0631\u0629 \u0627\u0644\u062a\u0631\u0634\u062d-\u0623\u0644\u0643\u0633\u0648-2024 (2).\"><\/object><a id=\"wp-block-file--media-26f857b2-5cc3-4aed-9359-fad9e96235c3\" href=\"https:\/\/www.univ-mosta.dz\/vrcc\/wp-content\/uploads\/sites\/13\/2025\/01\/\u0627\u0633\u062a\u0645\u0627\u0631\u0629-\u0627\u0644\u062a\u0631\u0634\u062d-\u0623\u0644\u0643\u0633\u0648-2024-2.pdf\">\u0627\u0633\u062a\u0645\u0627\u0631\u0629 \u0627\u0644\u062a\u0631\u0634\u062d-\u0623\u0644\u0643\u0633\u0648-2024 (2)<\/a><a href=\"https:\/\/www.univ-mosta.dz\/vrcc\/wp-content\/uploads\/sites\/13\/2025\/01\/\u0627\u0633\u062a\u0645\u0627\u0631\u0629-\u0627\u0644\u062a\u0631\u0634\u062d-\u0623\u0644\u0643\u0633\u0648-2024-2.pdf\" class=\"wp-block-file__button wp-element-button\" download aria-describedby=\"wp-block-file--media-26f857b2-5cc3-4aed-9359-fad9e96235c3\">T\u00e9l\u00e9charger<\/a><\/div>\n","protected":false},"excerpt":{"rendered":"<p>L\u2019Organisation arabe pour l\u2019\u00e9ducation, la culture et les sciences (ALECSO) annoncel\u2019ouverture des candidatures pour occuper plusieurs postes vacants. Les candidaturesdoivent \u00eatre soumises via le formulaire annex\u00e9, pour les postes suivants, &hellip;<\/p>\n","protected":false},"author":15,"featured_media":12384,"comment_status":"closed","ping_status":"","sticky":false,"template":"","format":"standard","meta":{"_coblocks_attr":"","_coblocks_dimensions":"","_coblocks_responsive_height":"","_coblocks_accordion_ie_support":"","_EventAllDay":false,"_EventTimezone":"","_EventStartDate":"","_EventEndDate":"","_EventStartDateUTC":"","_EventEndDateUTC":"","_EventShowMap":false,"_EventShowMapLink":false,"_EventURL":"","_EventCost":"","_EventCostDescription":"","_EventCurrencySymbol":"","_EventCurrencyCode":"","_EventCurrencyPosition":"","_EventDateTimeSeparator":"","_EventTimeRangeSeparator":"","_EventOrganizerID":[],"_EventVenueID":[],"_OrganizerEmail":"","_OrganizerPhone":"","_OrganizerWebsite":"","_VenueAddress":"","_VenueCity":"","_VenueCountry":"","_VenueProvince":"","_VenueState":"","_VenueZip":"","_VenuePhone":"","_VenueURL":"","_VenueStateProvince":"","_VenueLat":"","_VenueLng":"","_VenueShowMap":false,"_VenueShowMapLink":false,"footnotes":""},"categories":[3],"tags":[],"class_list":["post-12383","post","type-post","status-publish","format-standard","has-post-thumbnail","hentry","category-actualites"],"_links":{"self":[{"href":"https:\/\/www.univ-mosta.dz\/vrcc\/wp-json\/wp\/v2\/posts\/12383","targetHints":{"allow":["GET"]}}],"collection":[{"href":"https:\/\/www.univ-mosta.dz\/vrcc\/wp-json\/wp\/v2\/posts"}],"about":[{"href":"https:\/\/www.univ-mosta.dz\/vrcc\/wp-json\/wp\/v2\/types\/post"}],"author":[{"embeddable":true,"href":"https:\/\/www.univ-mosta.dz\/vrcc\/wp-json\/wp\/v2\/users\/15"}],"replies":[{"embeddable":true,"href":"https:\/\/www.univ-mosta.dz\/vrcc\/wp-json\/wp\/v2\/comments?post=12383"}],"version-history":[{"count":2,"href":"https:\/\/www.univ-mosta.dz\/vrcc\/wp-json\/wp\/v2\/posts\/12383\/revisions"}],"predecessor-version":[{"id":12396,"href":"https:\/\/www.univ-mosta.dz\/vrcc\/wp-json\/wp\/v2\/posts\/12383\/revisions\/12396"}],"wp:featuredmedia":[{"embeddable":true,"href":"https:\/\/www.univ-mosta.dz\/vrcc\/wp-json\/wp\/v2\/media\/12384"}],"wp:attachment":[{"href":"https:\/\/www.univ-mosta.dz\/vrcc\/wp-json\/wp\/v2\/media?parent=12383"}],"wp:term":[{"taxonomy":"category","embeddable":true,"href":"https:\/\/www.univ-mosta.dz\/vrcc\/wp-json\/wp\/v2\/categories?post=12383"},{"taxonomy":"post_tag","embeddable":true,"href":"https:\/\/www.univ-mosta.dz\/vrcc\/wp-json\/wp\/v2\/tags?post=12383"}],"curies":[{"name":"wp","href":"https:\/\/api.w.org\/{rel}","templated":true}]}}