{"id":12206,"date":"2024-11-27T11:22:53","date_gmt":"2024-11-27T10:22:53","guid":{"rendered":"https:\/\/www.univ-mosta.dz\/vrcc\/?p=12206"},"modified":"2024-11-27T11:22:53","modified_gmt":"2024-11-27T10:22:53","slug":"appel-a-projets-erasmus-2025","status":"publish","type":"post","link":"https:\/\/www.univ-mosta.dz\/vrcc\/appel-a-projets-erasmus-2025\/","title":{"rendered":"Appel \u00e0 projets Erasmus+ 2025"},"content":{"rendered":"\n<figure class=\"wp-block-image size-large\"><img loading=\"lazy\" decoding=\"async\" width=\"1024\" height=\"378\" src=\"https:\/\/www.univ-mosta.dz\/vrcc\/wp-content\/uploads\/sites\/13\/2024\/11\/unnamed-2-1024x378.png\" alt=\"\" class=\"wp-image-12208\" srcset=\"https:\/\/www.univ-mosta.dz\/vrcc\/wp-content\/uploads\/sites\/13\/2024\/11\/unnamed-2-1024x378.png 1024w, https:\/\/www.univ-mosta.dz\/vrcc\/wp-content\/uploads\/sites\/13\/2024\/11\/unnamed-2-300x111.png 300w, https:\/\/www.univ-mosta.dz\/vrcc\/wp-content\/uploads\/sites\/13\/2024\/11\/unnamed-2-768x284.png 768w, https:\/\/www.univ-mosta.dz\/vrcc\/wp-content\/uploads\/sites\/13\/2024\/11\/unnamed-2.png 1498w\" sizes=\"auto, (max-width: 1024px) 100vw, 1024px\" \/><\/figure>\n\n\n\n<figure class=\"wp-block-image size-large\"><img loading=\"lazy\" decoding=\"async\" width=\"1024\" height=\"428\" src=\"https:\/\/www.univ-mosta.dz\/vrcc\/wp-content\/uploads\/sites\/13\/2024\/11\/unnamed-1-1-1024x428.png\" alt=\"\" class=\"wp-image-12209\" srcset=\"https:\/\/www.univ-mosta.dz\/vrcc\/wp-content\/uploads\/sites\/13\/2024\/11\/unnamed-1-1-1024x428.png 1024w, https:\/\/www.univ-mosta.dz\/vrcc\/wp-content\/uploads\/sites\/13\/2024\/11\/unnamed-1-1-300x125.png 300w, https:\/\/www.univ-mosta.dz\/vrcc\/wp-content\/uploads\/sites\/13\/2024\/11\/unnamed-1-1-768x321.png 768w, https:\/\/www.univ-mosta.dz\/vrcc\/wp-content\/uploads\/sites\/13\/2024\/11\/unnamed-1-1-1536x642.png 1536w, https:\/\/www.univ-mosta.dz\/vrcc\/wp-content\/uploads\/sites\/13\/2024\/11\/unnamed-1-1.png 1956w\" sizes=\"auto, (max-width: 1024px) 100vw, 1024px\" \/><\/figure>\n\n\n\n<p><\/p>\n\n\n\n<p>Suite au lancement de l\u2019appel \u00e0 projets Erasmus+ 2025, le Bureau National Erasmus+ Alg\u00e9rie invite les \u00e9tablissements d\u2019<strong>enseignement sup\u00e9rieur<\/strong>, de&nbsp;<strong>formation professionnelle,&nbsp;<\/strong>d&rsquo;<strong>\u00e9ducation<\/strong>&nbsp;et de&nbsp;<strong>jeunesse<\/strong>&nbsp;\u00e0 soumettre leurs candidatures pour les cat\u00e9gories suivantes :<\/p>\n\n\n\n<p>Projets de mobilit\u00e9 internationale:<\/p>\n\n\n\n<p>\u00b7\u00a0<strong>Mobilit\u00e9 acad\u00e9mique\u00a0(ICM)<\/strong>, facilitant les \u00e9changes des \u00e9tudiants et du personnel universitaire.<\/p>\n\n\n\n<p>\u00b7&nbsp;<strong>\u00c9changes virtuels<\/strong>, favorisant la collaboration num\u00e9rique et l\u2019apprentissage interactif.<\/p>\n\n\n\n<p>\u00b7\u00a0<strong>\u00c9changes de jeunes<\/strong>, destin\u00e9s \u00e0 promouvoir le dialogue interculturel et l\u2019engagement des jeunes.<br><\/p>\n\n\n\n<p>Projets de coop\u00e9ration:<\/p>\n\n\n\n<p>\u00b7\u00a0<strong>Projets de renforcement des capacit\u00e9s<\/strong>\u00a0dans les domaines de l\u2019enseignement sup\u00e9rieur (<strong>CBHE<\/strong>), de la formation professionnelle (<strong>CBVET<\/strong>) et de la jeunesse (<strong>CBY<\/strong>), pour soutenir le d\u00e9veloppement institutionnel et sectoriel.<\/p>\n\n\n\n<p>\u00b7\u00a0<strong>Formations Erasmus Mundus<\/strong>, incluant les\u00a0<strong>Masters conjoints<\/strong>\u00a0et les\u00a0<strong>mesures de conception<\/strong>, visant \u00e0 renforcer l\u2019excellence acad\u00e9mique.<br><\/p>\n\n\n\n<p>Activit\u00e9s\u00a0Jean Monnet:<\/p>\n\n\n\n<p>\u00b7\u00a0 <strong>Modules<\/strong>,\u00a0<strong>Chaires, Centres d\u2019excellence<\/strong>\u00a0et\u00a0<strong>R\u00e9seaux<\/strong>, d\u00e9di\u00e9s \u00e0 la promotion et \u00e0 l\u2019approfondissement des \u00e9tudes europ\u00e9ennes.<\/p>\n\n\n\n<p><em><u>Pour une meilleure compr\u00e9hension<\/u><\/em>&nbsp;de l\u2019appel \u00e0 propositions Erasmus+ 2025, le Bureau National Erasmus+ Alg\u00e9rie met \u00e0 votre disposition un Guide de soumission et des brochures explicatives accessibles via ce lien&nbsp;:&nbsp;<a href=\"https:\/\/erasmusplus.dz\/open-calls\" rel=\"noreferrer noopener\" target=\"_blank\"><strong>https:\/\/erasmusplus.dz\/open-calls<\/strong><\/a><\/p>\n","protected":false},"excerpt":{"rendered":"<p>Suite au lancement de l\u2019appel \u00e0 projets Erasmus+ 2025, le Bureau National Erasmus+ Alg\u00e9rie invite les \u00e9tablissements d\u2019enseignement sup\u00e9rieur, de&nbsp;formation professionnelle,&nbsp;d&rsquo;\u00e9ducation&nbsp;et de&nbsp;jeunesse&nbsp;\u00e0 soumettre leurs candidatures pour les cat\u00e9gories suivantes : &hellip;<\/p>\n","protected":false},"author":15,"featured_media":12207,"comment_status":"closed","ping_status":"","sticky":false,"template":"","format":"standard","meta":{"_coblocks_attr":"","_coblocks_dimensions":"","_coblocks_responsive_height":"","_coblocks_accordion_ie_support":"","_EventAllDay":false,"_EventTimezone":"","_EventStartDate":"","_EventEndDate":"","_EventStartDateUTC":"","_EventEndDateUTC":"","_EventShowMap":false,"_EventShowMapLink":false,"_EventURL":"","_EventCost":"","_EventCostDescription":"","_EventCurrencySymbol":"","_EventCurrencyCode":"","_EventCurrencyPosition":"","_EventDateTimeSeparator":"","_EventTimeRangeSeparator":"","_EventOrganizerID":[],"_EventVenueID":[],"_OrganizerEmail":"","_OrganizerPhone":"","_OrganizerWebsite":"","_VenueAddress":"","_VenueCity":"","_VenueCountry":"","_VenueProvince":"","_VenueState":"","_VenueZip":"","_VenuePhone":"","_VenueURL":"","_VenueStateProvince":"","_VenueLat":"","_VenueLng":"","_VenueShowMap":false,"_VenueShowMapLink":false,"footnotes":""},"categories":[3],"tags":[],"class_list":["post-12206","post","type-post","status-publish","format-standard","has-post-thumbnail","hentry","category-actualites"],"_links":{"self":[{"href":"https:\/\/www.univ-mosta.dz\/vrcc\/wp-json\/wp\/v2\/posts\/12206","targetHints":{"allow":["GET"]}}],"collection":[{"href":"https:\/\/www.univ-mosta.dz\/vrcc\/wp-json\/wp\/v2\/posts"}],"about":[{"href":"https:\/\/www.univ-mosta.dz\/vrcc\/wp-json\/wp\/v2\/types\/post"}],"author":[{"embeddable":true,"href":"https:\/\/www.univ-mosta.dz\/vrcc\/wp-json\/wp\/v2\/users\/15"}],"replies":[{"embeddable":true,"href":"https:\/\/www.univ-mosta.dz\/vrcc\/wp-json\/wp\/v2\/comments?post=12206"}],"version-history":[{"count":1,"href":"https:\/\/www.univ-mosta.dz\/vrcc\/wp-json\/wp\/v2\/posts\/12206\/revisions"}],"predecessor-version":[{"id":12210,"href":"https:\/\/www.univ-mosta.dz\/vrcc\/wp-json\/wp\/v2\/posts\/12206\/revisions\/12210"}],"wp:featuredmedia":[{"embeddable":true,"href":"https:\/\/www.univ-mosta.dz\/vrcc\/wp-json\/wp\/v2\/media\/12207"}],"wp:attachment":[{"href":"https:\/\/www.univ-mosta.dz\/vrcc\/wp-json\/wp\/v2\/media?parent=12206"}],"wp:term":[{"taxonomy":"category","embeddable":true,"href":"https:\/\/www.univ-mosta.dz\/vrcc\/wp-json\/wp\/v2\/categories?post=12206"},{"taxonomy":"post_tag","embeddable":true,"href":"https:\/\/www.univ-mosta.dz\/vrcc\/wp-json\/wp\/v2\/tags?post=12206"}],"curies":[{"name":"wp","href":"https:\/\/api.w.org\/{rel}","templated":true}]}}