{"id":11771,"date":"2024-10-14T13:12:15","date_gmt":"2024-10-14T11:12:15","guid":{"rendered":"https:\/\/www.univ-mosta.dz\/vrcc\/?p=11771"},"modified":"2024-10-21T11:19:12","modified_gmt":"2024-10-21T09:19:12","slug":"annonce-douverture-des-candidatures-pour-le-prix-cosmos-2025","status":"publish","type":"post","link":"https:\/\/www.univ-mosta.dz\/vrcc\/annonce-douverture-des-candidatures-pour-le-prix-cosmos-2025\/","title":{"rendered":"Annonce d&rsquo;ouverture des candidatures pour le Prix \u00ab\u00a0Cosmos\u00a0\u00bb 2025"},"content":{"rendered":"\n<p>Dans le cadre du prix annuel organis\u00e9 par le Bureau International des Expositions, et durant l&rsquo;Exposition d&rsquo;Osaka 2025, qui sera consacr\u00e9e au Prix \u00ab\u00a0Cosmos\u00a0\u00bb pour des projets \u00e0 but non lucratif pr\u00e9sent\u00e9s par des individus, des institutions et des organisations non gouvernementales, et en concr\u00e9tisation du th\u00e8me de l&rsquo;ann\u00e9e intitul\u00e9 \u00ab\u00a0Concevoir la soci\u00e9t\u00e9 du futur, imaginer notre vie de demain\u00a0\u00bb avec ses sous-th\u00e8mes \u00ab\u00a0Sauver des vies, Inspirer des vies et Connecter des vies\u00a0\u00bb, nous avons l&rsquo;honneur de vous informer de l&rsquo;ouverture des candidatures pour la soumission de travaux en lien avec ce prix. Veuillez envoyer les travaux aux Vice- rectorat des Relations Ext\u00e9rieures et de la Coop\u00e9ration de l&rsquo;Universit\u00e9 de Mostaganem avant le 24 octobre 2024.<\/p>\n\n\n\n<div class=\"wp-block-file\"><a id=\"wp-block-file--media-cf2b5e48-4299-4f41-a86f-66643c21606a\" href=\"https:\/\/www.univ-mosta.dz\/vrcc\/wp-content\/uploads\/sites\/13\/2024\/10\/Appel_Prix-BIE-Cosmos_2025-1-1.pdf\">Appel_Prix BIE-Cosmos_2025 (1)<\/a><a href=\"https:\/\/www.univ-mosta.dz\/vrcc\/wp-content\/uploads\/sites\/13\/2024\/10\/Appel_Prix-BIE-Cosmos_2025-1-1.pdf\" class=\"wp-block-file__button wp-element-button\" download aria-describedby=\"wp-block-file--media-cf2b5e48-4299-4f41-a86f-66643c21606a\">T\u00e9l\u00e9charger<\/a><\/div>\n","protected":false},"excerpt":{"rendered":"<p>Dans le cadre du prix annuel organis\u00e9 par le Bureau International des Expositions, et durant l&rsquo;Exposition d&rsquo;Osaka 2025, qui sera consacr\u00e9e au Prix \u00ab\u00a0Cosmos\u00a0\u00bb pour des projets \u00e0 but non &hellip;<\/p>\n","protected":false},"author":15,"featured_media":11763,"comment_status":"closed","ping_status":"closed","sticky":false,"template":"","format":"standard","meta":{"_coblocks_attr":"","_coblocks_dimensions":"","_coblocks_responsive_height":"","_coblocks_accordion_ie_support":"","_EventAllDay":false,"_EventTimezone":"","_EventStartDate":"","_EventEndDate":"","_EventStartDateUTC":"","_EventEndDateUTC":"","_EventShowMap":false,"_EventShowMapLink":false,"_EventURL":"","_EventCost":"","_EventCostDescription":"","_EventCurrencySymbol":"","_EventCurrencyCode":"","_EventCurrencyPosition":"","_EventDateTimeSeparator":"","_EventTimeRangeSeparator":"","_EventOrganizerID":[],"_EventVenueID":[],"_OrganizerEmail":"","_OrganizerPhone":"","_OrganizerWebsite":"","_VenueAddress":"","_VenueCity":"","_VenueCountry":"","_VenueProvince":"","_VenueState":"","_VenueZip":"","_VenuePhone":"","_VenueURL":"","_VenueStateProvince":"","_VenueLat":"","_VenueLng":"","_VenueShowMap":false,"_VenueShowMapLink":false,"footnotes":""},"categories":[3],"tags":[],"class_list":["post-11771","post","type-post","status-publish","format-standard","has-post-thumbnail","hentry","category-actualites"],"_links":{"self":[{"href":"https:\/\/www.univ-mosta.dz\/vrcc\/wp-json\/wp\/v2\/posts\/11771","targetHints":{"allow":["GET"]}}],"collection":[{"href":"https:\/\/www.univ-mosta.dz\/vrcc\/wp-json\/wp\/v2\/posts"}],"about":[{"href":"https:\/\/www.univ-mosta.dz\/vrcc\/wp-json\/wp\/v2\/types\/post"}],"author":[{"embeddable":true,"href":"https:\/\/www.univ-mosta.dz\/vrcc\/wp-json\/wp\/v2\/users\/15"}],"replies":[{"embeddable":true,"href":"https:\/\/www.univ-mosta.dz\/vrcc\/wp-json\/wp\/v2\/comments?post=11771"}],"version-history":[{"count":1,"href":"https:\/\/www.univ-mosta.dz\/vrcc\/wp-json\/wp\/v2\/posts\/11771\/revisions"}],"predecessor-version":[{"id":11773,"href":"https:\/\/www.univ-mosta.dz\/vrcc\/wp-json\/wp\/v2\/posts\/11771\/revisions\/11773"}],"wp:featuredmedia":[{"embeddable":true,"href":"https:\/\/www.univ-mosta.dz\/vrcc\/wp-json\/wp\/v2\/media\/11763"}],"wp:attachment":[{"href":"https:\/\/www.univ-mosta.dz\/vrcc\/wp-json\/wp\/v2\/media?parent=11771"}],"wp:term":[{"taxonomy":"category","embeddable":true,"href":"https:\/\/www.univ-mosta.dz\/vrcc\/wp-json\/wp\/v2\/categories?post=11771"},{"taxonomy":"post_tag","embeddable":true,"href":"https:\/\/www.univ-mosta.dz\/vrcc\/wp-json\/wp\/v2\/tags?post=11771"}],"curies":[{"name":"wp","href":"https:\/\/api.w.org\/{rel}","templated":true}]}}