{"id":1033,"date":"2018-11-16T11:05:25","date_gmt":"2018-11-16T10:05:25","guid":{"rendered":"http:\/\/www.univ-mosta.dz\/vrcc\/?p=1033"},"modified":"2020-06-15T11:12:16","modified_gmt":"2020-06-15T09:12:16","slug":"appel-pour-des-bourses-de-mobilite-erasmus-2","status":"publish","type":"post","link":"https:\/\/www.univ-mosta.dz\/vrcc\/appel-pour-des-bourses-de-mobilite-erasmus-2\/","title":{"rendered":"Appel Pour Des Bourses De Mobilit\u00e9 ERASMUS +"},"content":{"rendered":"<p><span style=\"font-size: 12pt\"><span class=\"m_-117745309890347409gmail-apple-converted-space\">Dans le cadre du projet\u00a0<\/span>\u00a0MOBILE UNLIMITED, \u00a0<strong>l<\/strong><strong>\u2019universit\u00e9 de Porto<\/strong>\u00a0lance un appel \u00e0 candidature pour des bourses de mobilit\u00e9 Erasmus + pour les \u00e9tudiants en licence, \u00a0master, \u00a0doctorat, le staff acad\u00e9mique et le staff administratif.<\/span><\/p>\n<p><span style=\"font-size: 12pt\">Pour la soumission voir le lien suivant\u00a0:<span style=\"color: #0000ff\">\u00a0<a style=\"color: #0000ff\" href=\"https:\/\/mobileunlimited.up.pt\/\" target=\"_blank\" rel=\"noopener noreferrer\" data-saferedirecturl=\"https:\/\/www.google.com\/url?q=https:\/\/mobileunlimited.up.pt\/&amp;source=gmail&amp;ust=1538154490844000&amp;usg=AFQjCNGKR-J9McBKzhGpbJTHHz5XF1dNTQ\">https:\/\/mobileunlimited.up.pt\/<\/a><\/span><\/span><\/p>\n<p><span style=\"font-size: 12pt\">La date limite de la cl\u00f4ture des inscriptions est le\u00a0<span class=\"m_-117745309890347409gmail-apple-converted-space\">\u00a0<\/span><span style=\"color: #ff0000\"><strong>15 \u00a0Octobre 2018.<\/strong><\/span><\/span><\/p>\n<p><span style=\"color: #0000ff;font-size: 12pt\"><a style=\"color: #0000ff\" href=\"http:\/\/www.univ-mosta.dz\/wp-content\/uploads\/2018\/10\/Guidelines.pdf\" target=\"_blank\" rel=\"noopener noreferrer\">Guides pour la soumission de la candidature<\/a><\/span><\/p>\n<p><span style=\"color: #0000ff;font-size: 12pt\"><a style=\"color: #0000ff\" href=\"http:\/\/www.univ-mosta.dz\/wp-content\/uploads\/2018\/10\/Unlimited.pdf\" target=\"_blank\" rel=\"noopener noreferrer\">Frequently Asked Questions.<\/a><\/span><\/p>\n<p><span style=\"color: #0000ff;font-size: 12pt\"><a style=\"color: #0000ff\" href=\"http:\/\/www.univ-mosta.dz\/wp-content\/uploads\/2018\/10\/form_TUTORIAL.pdf\">Filling In The Mobile Unlimited Application Form<\/a><\/span><\/p>\n","protected":false},"excerpt":{"rendered":"<p>Dans le cadre du projet\u00a0\u00a0MOBILE UNLIMITED, \u00a0l\u2019universit\u00e9 de Porto\u00a0lance un appel \u00e0 candidature pour des bourses de mobilit\u00e9 Erasmus + pour les \u00e9tudiants en licence, \u00a0master, \u00a0doctorat, le staff acad\u00e9mique &hellip;<\/p>\n","protected":false},"author":15,"featured_media":1034,"comment_status":"closed","ping_status":"closed","sticky":false,"template":"","format":"standard","meta":{"_coblocks_attr":"","_coblocks_dimensions":"","_coblocks_responsive_height":"","_coblocks_accordion_ie_support":"","_EventAllDay":false,"_EventTimezone":"","_EventStartDate":"","_EventEndDate":"","_EventStartDateUTC":"","_EventEndDateUTC":"","_EventShowMap":false,"_EventShowMapLink":false,"_EventURL":"","_EventCost":"","_EventCostDescription":"","_EventCurrencySymbol":"","_EventCurrencyCode":"","_EventCurrencyPosition":"","_EventDateTimeSeparator":"","_EventTimeRangeSeparator":"","_EventOrganizerID":[],"_EventVenueID":[],"_OrganizerEmail":"","_OrganizerPhone":"","_OrganizerWebsite":"","_VenueAddress":"","_VenueCity":"","_VenueCountry":"","_VenueProvince":"","_VenueState":"","_VenueZip":"","_VenuePhone":"","_VenueURL":"","_VenueStateProvince":"","_VenueLat":"","_VenueLng":"","_VenueShowMap":false,"_VenueShowMapLink":false,"footnotes":""},"categories":[3,4],"tags":[],"class_list":["post-1033","post","type-post","status-publish","format-standard","has-post-thumbnail","hentry","category-actualites","category-bourses"],"_links":{"self":[{"href":"https:\/\/www.univ-mosta.dz\/vrcc\/wp-json\/wp\/v2\/posts\/1033","targetHints":{"allow":["GET"]}}],"collection":[{"href":"https:\/\/www.univ-mosta.dz\/vrcc\/wp-json\/wp\/v2\/posts"}],"about":[{"href":"https:\/\/www.univ-mosta.dz\/vrcc\/wp-json\/wp\/v2\/types\/post"}],"author":[{"embeddable":true,"href":"https:\/\/www.univ-mosta.dz\/vrcc\/wp-json\/wp\/v2\/users\/15"}],"replies":[{"embeddable":true,"href":"https:\/\/www.univ-mosta.dz\/vrcc\/wp-json\/wp\/v2\/comments?post=1033"}],"version-history":[{"count":5,"href":"https:\/\/www.univ-mosta.dz\/vrcc\/wp-json\/wp\/v2\/posts\/1033\/revisions"}],"predecessor-version":[{"id":1039,"href":"https:\/\/www.univ-mosta.dz\/vrcc\/wp-json\/wp\/v2\/posts\/1033\/revisions\/1039"}],"wp:featuredmedia":[{"embeddable":true,"href":"https:\/\/www.univ-mosta.dz\/vrcc\/wp-json\/wp\/v2\/media\/1034"}],"wp:attachment":[{"href":"https:\/\/www.univ-mosta.dz\/vrcc\/wp-json\/wp\/v2\/media?parent=1033"}],"wp:term":[{"taxonomy":"category","embeddable":true,"href":"https:\/\/www.univ-mosta.dz\/vrcc\/wp-json\/wp\/v2\/categories?post=1033"},{"taxonomy":"post_tag","embeddable":true,"href":"https:\/\/www.univ-mosta.dz\/vrcc\/wp-json\/wp\/v2\/tags?post=1033"}],"curies":[{"name":"wp","href":"https:\/\/api.w.org\/{rel}","templated":true}]}}