{"id":1028,"date":"2018-11-17T10:56:25","date_gmt":"2018-11-17T09:56:25","guid":{"rendered":"http:\/\/www.univ-mosta.dz\/vrcc\/?p=1028"},"modified":"2020-06-15T10:58:18","modified_gmt":"2020-06-15T08:58:18","slug":"appel-a-candidature-pour-des-bourses-de-mobilite-internationale-erasmus-a-luniversite-de-minho-2","status":"publish","type":"post","link":"https:\/\/www.univ-mosta.dz\/vrcc\/appel-a-candidature-pour-des-bourses-de-mobilite-internationale-erasmus-a-luniversite-de-minho-2\/","title":{"rendered":"Appel \u00c0 Candidature Pour Des Bourses De Mobilit\u00e9 Internationale ERASMUS + \u00c0 L\u2019Universit\u00e9 De MINHO"},"content":{"rendered":"<p>Dans le cadre du programme Erasmus+ KA107, <span style=\"color: #0000ff\">l\u2019<a style=\"color: #0000ff\" href=\"https:\/\/www.univ-mosta.dz\/\">universit\u00e9 Abdelhamid Ibn Badis, Mostaganem<\/a><\/span>\u00a0lance un appel \u00e0 candidature aux staffs acad\u00e9mique et administrative pour la mobilit\u00e9 \u00e0 l\u2019universit\u00e9 de Minho, Portugal. Pour plus d\u2019information, veuillez visiter le site suivant :<\/p>\n<p><span style=\"color: #0000ff\">https:\/\/alunos.uminho.pt\/EN\/students\/mobilityprograms\/Pages\/ICM.aspx<\/span><\/p>\n<p>La soumission se fera en ligne via le lien suivant : <span style=\"color: #0000ff\">https:\/\/goo.gl\/rtdd5L<\/span><\/p>\n<p>La date limite de soumission est fix\u00e9e au\u00a0<span style=\"color: #ff0000\"><strong>31 Octobre 2018<\/strong>.<\/span><\/p>\n","protected":false},"excerpt":{"rendered":"<p>Dans le cadre du programme Erasmus+ KA107, l\u2019universit\u00e9 Abdelhamid Ibn Badis, Mostaganem\u00a0lance un appel \u00e0 candidature aux staffs acad\u00e9mique et administrative pour la mobilit\u00e9 \u00e0 l\u2019universit\u00e9 de Minho, Portugal. Pour &hellip;<\/p>\n","protected":false},"author":15,"featured_media":1013,"comment_status":"closed","ping_status":"closed","sticky":false,"template":"","format":"standard","meta":{"_coblocks_attr":"","_coblocks_dimensions":"","_coblocks_responsive_height":"","_coblocks_accordion_ie_support":"","_EventAllDay":false,"_EventTimezone":"","_EventStartDate":"","_EventEndDate":"","_EventStartDateUTC":"","_EventEndDateUTC":"","_EventShowMap":false,"_EventShowMapLink":false,"_EventURL":"","_EventCost":"","_EventCostDescription":"","_EventCurrencySymbol":"","_EventCurrencyCode":"","_EventCurrencyPosition":"","_EventDateTimeSeparator":"","_EventTimeRangeSeparator":"","_EventOrganizerID":[],"_EventVenueID":[],"_OrganizerEmail":"","_OrganizerPhone":"","_OrganizerWebsite":"","_VenueAddress":"","_VenueCity":"","_VenueCountry":"","_VenueProvince":"","_VenueState":"","_VenueZip":"","_VenuePhone":"","_VenueURL":"","_VenueStateProvince":"","_VenueLat":"","_VenueLng":"","_VenueShowMap":false,"_VenueShowMapLink":false,"footnotes":""},"categories":[3,4],"tags":[],"class_list":["post-1028","post","type-post","status-publish","format-standard","has-post-thumbnail","hentry","category-actualites","category-bourses"],"_links":{"self":[{"href":"https:\/\/www.univ-mosta.dz\/vrcc\/wp-json\/wp\/v2\/posts\/1028","targetHints":{"allow":["GET"]}}],"collection":[{"href":"https:\/\/www.univ-mosta.dz\/vrcc\/wp-json\/wp\/v2\/posts"}],"about":[{"href":"https:\/\/www.univ-mosta.dz\/vrcc\/wp-json\/wp\/v2\/types\/post"}],"author":[{"embeddable":true,"href":"https:\/\/www.univ-mosta.dz\/vrcc\/wp-json\/wp\/v2\/users\/15"}],"replies":[{"embeddable":true,"href":"https:\/\/www.univ-mosta.dz\/vrcc\/wp-json\/wp\/v2\/comments?post=1028"}],"version-history":[{"count":1,"href":"https:\/\/www.univ-mosta.dz\/vrcc\/wp-json\/wp\/v2\/posts\/1028\/revisions"}],"predecessor-version":[{"id":1029,"href":"https:\/\/www.univ-mosta.dz\/vrcc\/wp-json\/wp\/v2\/posts\/1028\/revisions\/1029"}],"wp:featuredmedia":[{"embeddable":true,"href":"https:\/\/www.univ-mosta.dz\/vrcc\/wp-json\/wp\/v2\/media\/1013"}],"wp:attachment":[{"href":"https:\/\/www.univ-mosta.dz\/vrcc\/wp-json\/wp\/v2\/media?parent=1028"}],"wp:term":[{"taxonomy":"category","embeddable":true,"href":"https:\/\/www.univ-mosta.dz\/vrcc\/wp-json\/wp\/v2\/categories?post=1028"},{"taxonomy":"post_tag","embeddable":true,"href":"https:\/\/www.univ-mosta.dz\/vrcc\/wp-json\/wp\/v2\/tags?post=1028"}],"curies":[{"name":"wp","href":"https:\/\/api.w.org\/{rel}","templated":true}]}}