{"id":4210,"date":"2026-08-26T12:54:00","date_gmt":"2026-08-26T10:54:00","guid":{"rendered":"https:\/\/www.univ-mosta.dz\/fst\/?p=4210"},"modified":"2026-09-03T19:16:22","modified_gmt":"2026-09-03T17:16:22","slug":"annonce-de-la-deuxieme-edition-du-seminaire-national-n-t-i-d-s-e-26","status":"publish","type":"post","link":"https:\/\/www.univ-mosta.dz\/fst\/annonce-de-la-deuxieme-edition-du-seminaire-national-n-t-i-d-s-e-26\/","title":{"rendered":"Annonce de la deuxi\u00e8me \u00e9dition du S\u00e9minaire National N.T.I.D.S.E.26"},"content":{"rendered":"\n<p class=\"wp-block-paragraph\">Le Laboratoire des Mat\u00e9riaux et Proc\u00e9d\u00e9s de Construction (LMPC) et le D\u00e9partement de g\u00e9nie civil organisent le s\u00e9minaire national intitul\u00e9 \u00ab <strong><em><u>Nouvelles Technologies et D\u00e9veloppement des Infrastructures en G\u00e9nie Civil \u2013 Deuxi\u00e8me \u00e9dition<\/u><\/em><\/strong> \u00bb.<\/p>\n\n\n\n<p>Cet \u00e9v\u00e9nement est organis\u00e9 en collaboration avec la Facult\u00e9 des sciences et\u00a0 de la technologie de l\u2019Universit\u00e9 Abdelhamid Ibn Badis de Mostaganem. Le s\u00e9minaire se tiendra le 12 novembre 2026. Il se d\u00e9roulera en format hybride (en pr\u00e9sentiel et en ligne) sur le site 1 de la Facult\u00e9 des sciences et\u00a0 de la technologie de Mostaganem.<\/p>\n\n\n\n<p class=\"wp-block-paragraph\">Th\u00e8mes du S\u00e9minaire :<\/p>\n\n\n\n<ul class=\"wp-block-list\">\n<li>Pathologie et r\u00e9habilitation des ouvrages<\/li>\n\n\n\n<li>G\u00e9nie parasismique des infrastructures<\/li>\n\n\n\n<li>Application de la technologie BIM dans le domaine des infrastructures<\/li>\n\n\n\n<li>G\u00e9omat\u00e9riaux et environnement<\/li>\n<\/ul>\n\n\n\n<p class=\"wp-block-paragraph\">Nous invitons tous les chercheurs et personnes int\u00e9ress\u00e9es \u00e0 participer au s\u00e9minaire \u00e0 envoyer leurs communications (en fran\u00e7ais ou en anglais, 4 \u00e0 6 pages) : du 15\/08\/2026 au 10\/09\/2026 via le lien suivant : <\/p>\n\n\n\n<hr class=\"wp-block-separator has-alpha-channel-opacity\" \/>\n\n\n<div class=\"wp-block-image\">\n<figure class=\"aligncenter size-full is-resized has-lightbox\"><a href=\"https:\/\/forms.gle\/gRWSVvm8YjseS1hn9\"><img loading=\"lazy\" decoding=\"async\" width=\"256\" height=\"256\" src=\"http:\/\/www.univ-mosta.dz\/fst\/wp-content\/uploads\/sites\/3\/2026\/09\/16453035.png\" alt=\"\" class=\"wp-image-4227\" style=\"width:39px;height:auto\" srcset=\"https:\/\/www.univ-mosta.dz\/fst\/wp-content\/uploads\/sites\/3\/2026\/09\/16453035.png 256w, https:\/\/www.univ-mosta.dz\/fst\/wp-content\/uploads\/sites\/3\/2026\/09\/16453035-150x150.png 150w\" sizes=\"auto, (max-width: 256px) 100vw, 256px\" \/><\/a><\/figure>\n<\/div>\n\n\n<hr class=\"wp-block-separator has-alpha-channel-opacity\" \/>\n\n\n\n<p class=\"wp-block-paragraph\">Ou en scannant le QR code : <\/p>\n\n\n\n<hr class=\"wp-block-separator has-alpha-channel-opacity\" \/>\n\n\n<div class=\"wp-block-image\">\n<figure class=\"aligncenter size-full\"><img loading=\"lazy\" decoding=\"async\" width=\"336\" height=\"336\" src=\"https:\/\/www.univ-mosta.dz\/fst\/wp-content\/uploads\/sites\/3\/2026\/09\/image.png\" alt=\"\" class=\"wp-image-4211\" srcset=\"https:\/\/www.univ-mosta.dz\/fst\/wp-content\/uploads\/sites\/3\/2026\/09\/image.png 336w, https:\/\/www.univ-mosta.dz\/fst\/wp-content\/uploads\/sites\/3\/2026\/09\/image-300x300.png 300w, https:\/\/www.univ-mosta.dz\/fst\/wp-content\/uploads\/sites\/3\/2026\/09\/image-150x150.png 150w\" sizes=\"auto, (max-width: 336px) 100vw, 336px\" \/><\/figure>\n<\/div>\n\n\n<hr class=\"wp-block-separator has-alpha-channel-opacity\" \/>\n\n\n\n<p><\/p>\n\n\n\n<p style=\"text-align: center\">Pour plus d&rsquo;informations, veuillez nous contacter par e-mail \u00e0 l&rsquo;adresse suivante : ntdigc@gmail.com<\/p>\n\n\n\n<p class=\"has-text-align-center has-pale-cyan-blue-background-color has-background wp-block-paragraph\">D\u00e9pliant:  <a href=\"http:\/\/www.univ-mosta.dz\/fst\/wp-content\/uploads\/sites\/3\/2026\/09\/depliant-arab-N.T.I.D.S.E.26.pdf\">Ar<\/a>, <a href=\"http:\/\/www.univ-mosta.dz\/fst\/wp-content\/uploads\/sites\/3\/2026\/09\/depliant-anglais-N.T.I.D.S.E.26.pdf\">An<\/a>, <a href=\"http:\/\/www.univ-mosta.dz\/fst\/wp-content\/uploads\/sites\/3\/2026\/09\/depliant-N.T.I.D.S.E.26.pdf\">Fr<\/a><\/p>\n\n\n\n<p class=\"has-text-align-center has-luminous-vivid-amber-background-color has-background wp-block-paragraph\"><a href=\"http:\/\/www.univ-mosta.dz\/fst\/wp-content\/uploads\/sites\/3\/2026\/09\/N.T.I.D.S.E.26-English-Template.doc\">Template <\/a><\/p>\n\n\n<div class=\"wp-block-image\">\n<figure class=\"aligncenter size-large\"><img loading=\"lazy\" decoding=\"async\" width=\"900\" height=\"1024\" src=\"https:\/\/www.univ-mosta.dz\/fst\/wp-content\/uploads\/sites\/3\/2026\/09\/NTIDSE_26_Poster-900x1024.jpg\" alt=\"\" class=\"wp-image-4216\" srcset=\"https:\/\/www.univ-mosta.dz\/fst\/wp-content\/uploads\/sites\/3\/2026\/09\/NTIDSE_26_Poster-900x1024.jpg 900w, https:\/\/www.univ-mosta.dz\/fst\/wp-content\/uploads\/sites\/3\/2026\/09\/NTIDSE_26_Poster-264x300.jpg 264w, https:\/\/www.univ-mosta.dz\/fst\/wp-content\/uploads\/sites\/3\/2026\/09\/NTIDSE_26_Poster-768x873.jpg 768w, https:\/\/www.univ-mosta.dz\/fst\/wp-content\/uploads\/sites\/3\/2026\/09\/NTIDSE_26_Poster-1351x1536.jpg 1351w, https:\/\/www.univ-mosta.dz\/fst\/wp-content\/uploads\/sites\/3\/2026\/09\/NTIDSE_26_Poster-1801x2048.jpg 1801w\" sizes=\"auto, (max-width: 900px) 100vw, 900px\" \/><\/figure>\n<\/div>","protected":false},"excerpt":{"rendered":"<p>Le Laboratoire des Mat\u00e9riaux et Proc\u00e9d\u00e9s de Construction (LMPC) et le D\u00e9partement de g\u00e9nie civil organisent le s\u00e9minaire national intitul\u00e9 \u00ab Nouvelles Technologies et D\u00e9veloppement des Infrastructures en G\u00e9nie Civil \u2013 Deuxi\u00e8me \u00e9dition \u00bb. Cet \u00e9v\u00e9nement est organis\u00e9 en collaboration avec la Facult\u00e9 des sciences et\u00a0 de la technologie de l\u2019Universit\u00e9 Abdelhamid Ibn Badis de &hellip;<\/p>\n","protected":false},"author":13,"featured_media":4217,"comment_status":"closed","ping_status":"closed","sticky":false,"template":"","format":"standard","meta":{"_coblocks_attr":"","_coblocks_dimensions":"","_coblocks_responsive_height":"","_coblocks_accordion_ie_support":"","footnotes":""},"categories":[22,23,25],"tags":[],"class_list":["post-4210","post","type-post","status-publish","format-standard","has-post-thumbnail","hentry","category-a-la-lune","category-actualites","category-manifestations-scientifique"],"yoast_head":"<!-- This site is optimized with the Yoast SEO plugin v28.3 - https:\/\/yoast.com\/product\/yoast-seo-wordpress\/ -->\n<title>Annonce de la deuxi\u00e8me \u00e9dition du S\u00e9minaire National N.T.I.D.S.E.26 - Facult\u00e9 des Sciences et de la Technologie<\/title>\n<meta name=\"robots\" content=\"index, follow, max-snippet:-1, max-image-preview:large, max-video-preview:-1\" \/>\n<link rel=\"canonical\" href=\"https:\/\/www.univ-mosta.dz\/fst\/annonce-de-la-deuxieme-edition-du-seminaire-national-n-t-i-d-s-e-26\/\" \/>\n<meta property=\"og:locale\" content=\"fr_FR\" \/>\n<meta property=\"og:type\" content=\"article\" \/>\n<meta property=\"og:title\" content=\"Annonce de la deuxi\u00e8me \u00e9dition du S\u00e9minaire National N.T.I.D.S.E.26 - Facult\u00e9 des Sciences et de la Technologie\" \/>\n<meta property=\"og:description\" content=\"Le Laboratoire des Mat\u00e9riaux et Proc\u00e9d\u00e9s de Construction (LMPC) et le D\u00e9partement de g\u00e9nie civil organisent le s\u00e9minaire national intitul\u00e9 \u00ab Nouvelles Technologies et D\u00e9veloppement des Infrastructures en G\u00e9nie Civil \u2013 Deuxi\u00e8me \u00e9dition \u00bb. Cet \u00e9v\u00e9nement est organis\u00e9 en collaboration avec la Facult\u00e9 des sciences et\u00a0 de la technologie de l\u2019Universit\u00e9 Abdelhamid Ibn Badis de &hellip;\" \/>\n<meta property=\"og:url\" content=\"https:\/\/www.univ-mosta.dz\/fst\/annonce-de-la-deuxieme-edition-du-seminaire-national-n-t-i-d-s-e-26\/\" \/>\n<meta property=\"og:site_name\" content=\"Facult\u00e9 des Sciences et de la Technologie\" \/>\n<meta property=\"article:published_time\" content=\"2026-08-26T10:54:00+00:00\" \/>\n<meta property=\"article:modified_time\" content=\"2026-09-03T17:16:22+00:00\" \/>\n<meta property=\"og:image\" content=\"http:\/\/www.univ-mosta.dz\/fst\/wp-content\/uploads\/sites\/3\/2026\/09\/NTIDSE_26_Poster-1.jpg\" \/>\n\t<meta property=\"og:image:width\" content=\"1665\" \/>\n\t<meta property=\"og:image:height\" content=\"593\" \/>\n\t<meta property=\"og:image:type\" content=\"image\/jpeg\" \/>\n<meta name=\"author\" content=\"fstumab\" \/>\n<meta name=\"twitter:card\" content=\"summary_large_image\" \/>\n<meta name=\"twitter:label1\" content=\"\u00c9crit par\" \/>\n\t<meta name=\"twitter:data1\" content=\"fstumab\" \/>\n\t<meta name=\"twitter:label2\" content=\"Dur\u00e9e de lecture estim\u00e9e\" \/>\n\t<meta name=\"twitter:data2\" content=\"2 minutes\" \/>\n<script type=\"application\/ld+json\" class=\"yoast-schema-graph\">{\"@context\":\"https:\\\/\\\/schema.org\",\"@graph\":[{\"@type\":\"Article\",\"@id\":\"https:\\\/\\\/www.univ-mosta.dz\\\/fst\\\/annonce-de-la-deuxieme-edition-du-seminaire-national-n-t-i-d-s-e-26\\\/#article\",\"isPartOf\":{\"@id\":\"https:\\\/\\\/www.univ-mosta.dz\\\/fst\\\/annonce-de-la-deuxieme-edition-du-seminaire-national-n-t-i-d-s-e-26\\\/\"},\"author\":{\"name\":\"fstumab\",\"@id\":\"https:\\\/\\\/www.univ-mosta.dz\\\/fst\\\/#\\\/schema\\\/person\\\/12097e6454fbc6eeeeadaa03ab6f3f84\"},\"headline\":\"Annonce de la deuxi\u00e8me \u00e9dition du S\u00e9minaire National N.T.I.D.S.E.26\",\"datePublished\":\"2026-08-26T10:54:00+00:00\",\"dateModified\":\"2026-09-03T17:16:22+00:00\",\"mainEntityOfPage\":{\"@id\":\"https:\\\/\\\/www.univ-mosta.dz\\\/fst\\\/annonce-de-la-deuxieme-edition-du-seminaire-national-n-t-i-d-s-e-26\\\/\"},\"wordCount\":202,\"image\":{\"@id\":\"https:\\\/\\\/www.univ-mosta.dz\\\/fst\\\/annonce-de-la-deuxieme-edition-du-seminaire-national-n-t-i-d-s-e-26\\\/#primaryimage\"},\"thumbnailUrl\":\"https:\\\/\\\/www.univ-mosta.dz\\\/fst\\\/wp-content\\\/uploads\\\/sites\\\/3\\\/2026\\\/09\\\/NTIDSE_26_Poster-1.jpg\",\"articleSection\":[\"A la lune\",\"Actualit\u00e9s\",\"Manifestations scientifique\"],\"inLanguage\":\"fr-FR\"},{\"@type\":\"WebPage\",\"@id\":\"https:\\\/\\\/www.univ-mosta.dz\\\/fst\\\/annonce-de-la-deuxieme-edition-du-seminaire-national-n-t-i-d-s-e-26\\\/\",\"url\":\"https:\\\/\\\/www.univ-mosta.dz\\\/fst\\\/annonce-de-la-deuxieme-edition-du-seminaire-national-n-t-i-d-s-e-26\\\/\",\"name\":\"Annonce de la deuxi\u00e8me \u00e9dition du S\u00e9minaire National N.T.I.D.S.E.26 - Facult\u00e9 des Sciences et de la Technologie\",\"isPartOf\":{\"@id\":\"https:\\\/\\\/www.univ-mosta.dz\\\/fst\\\/#website\"},\"primaryImageOfPage\":{\"@id\":\"https:\\\/\\\/www.univ-mosta.dz\\\/fst\\\/annonce-de-la-deuxieme-edition-du-seminaire-national-n-t-i-d-s-e-26\\\/#primaryimage\"},\"image\":{\"@id\":\"https:\\\/\\\/www.univ-mosta.dz\\\/fst\\\/annonce-de-la-deuxieme-edition-du-seminaire-national-n-t-i-d-s-e-26\\\/#primaryimage\"},\"thumbnailUrl\":\"https:\\\/\\\/www.univ-mosta.dz\\\/fst\\\/wp-content\\\/uploads\\\/sites\\\/3\\\/2026\\\/09\\\/NTIDSE_26_Poster-1.jpg\",\"datePublished\":\"2026-08-26T10:54:00+00:00\",\"dateModified\":\"2026-09-03T17:16:22+00:00\",\"author\":{\"@id\":\"https:\\\/\\\/www.univ-mosta.dz\\\/fst\\\/#\\\/schema\\\/person\\\/12097e6454fbc6eeeeadaa03ab6f3f84\"},\"breadcrumb\":{\"@id\":\"https:\\\/\\\/www.univ-mosta.dz\\\/fst\\\/annonce-de-la-deuxieme-edition-du-seminaire-national-n-t-i-d-s-e-26\\\/#breadcrumb\"},\"inLanguage\":\"fr-FR\",\"potentialAction\":[{\"@type\":\"ReadAction\",\"target\":[\"https:\\\/\\\/www.univ-mosta.dz\\\/fst\\\/annonce-de-la-deuxieme-edition-du-seminaire-national-n-t-i-d-s-e-26\\\/\"]}]},{\"@type\":\"ImageObject\",\"inLanguage\":\"fr-FR\",\"@id\":\"https:\\\/\\\/www.univ-mosta.dz\\\/fst\\\/annonce-de-la-deuxieme-edition-du-seminaire-national-n-t-i-d-s-e-26\\\/#primaryimage\",\"url\":\"https:\\\/\\\/www.univ-mosta.dz\\\/fst\\\/wp-content\\\/uploads\\\/sites\\\/3\\\/2026\\\/09\\\/NTIDSE_26_Poster-1.jpg\",\"contentUrl\":\"https:\\\/\\\/www.univ-mosta.dz\\\/fst\\\/wp-content\\\/uploads\\\/sites\\\/3\\\/2026\\\/09\\\/NTIDSE_26_Poster-1.jpg\",\"width\":1665,\"height\":593},{\"@type\":\"BreadcrumbList\",\"@id\":\"https:\\\/\\\/www.univ-mosta.dz\\\/fst\\\/annonce-de-la-deuxieme-edition-du-seminaire-national-n-t-i-d-s-e-26\\\/#breadcrumb\",\"itemListElement\":[{\"@type\":\"ListItem\",\"position\":1,\"name\":\"Accueil\",\"item\":\"https:\\\/\\\/www.univ-mosta.dz\\\/fst\\\/\"},{\"@type\":\"ListItem\",\"position\":2,\"name\":\"Annonce de la deuxi\u00e8me \u00e9dition du S\u00e9minaire National N.T.I.D.S.E.26\"}]},{\"@type\":\"WebSite\",\"@id\":\"https:\\\/\\\/www.univ-mosta.dz\\\/fst\\\/#website\",\"url\":\"https:\\\/\\\/www.univ-mosta.dz\\\/fst\\\/\",\"name\":\"Facult\u00e9 des Sciences et de la Technologie\",\"description\":\"UMAB\",\"potentialAction\":[{\"@type\":\"SearchAction\",\"target\":{\"@type\":\"EntryPoint\",\"urlTemplate\":\"https:\\\/\\\/www.univ-mosta.dz\\\/fst\\\/?s={search_term_string}\"},\"query-input\":{\"@type\":\"PropertyValueSpecification\",\"valueRequired\":true,\"valueName\":\"search_term_string\"}}],\"inLanguage\":\"fr-FR\"},{\"@type\":\"Person\",\"@id\":\"https:\\\/\\\/www.univ-mosta.dz\\\/fst\\\/#\\\/schema\\\/person\\\/12097e6454fbc6eeeeadaa03ab6f3f84\",\"name\":\"fstumab\",\"image\":{\"@type\":\"ImageObject\",\"inLanguage\":\"fr-FR\",\"@id\":\"https:\\\/\\\/secure.gravatar.com\\\/avatar\\\/27c1b1fc640978ac40c9a8de575cdae30240af8fa58f9142617c2bb25bcd1313?s=96&d=mm&r=g\",\"url\":\"https:\\\/\\\/secure.gravatar.com\\\/avatar\\\/27c1b1fc640978ac40c9a8de575cdae30240af8fa58f9142617c2bb25bcd1313?s=96&d=mm&r=g\",\"contentUrl\":\"https:\\\/\\\/secure.gravatar.com\\\/avatar\\\/27c1b1fc640978ac40c9a8de575cdae30240af8fa58f9142617c2bb25bcd1313?s=96&d=mm&r=g\",\"caption\":\"fstumab\"},\"url\":\"https:\\\/\\\/www.univ-mosta.dz\\\/fst\\\/author\\\/fstumab\\\/\"}]}<\/script>\n<!-- \/ Yoast SEO plugin. -->","yoast_head_json":{"title":"Annonce de la deuxi\u00e8me \u00e9dition du S\u00e9minaire National N.T.I.D.S.E.26 - Facult\u00e9 des Sciences et de la Technologie","robots":{"index":"index","follow":"follow","max-snippet":"max-snippet:-1","max-image-preview":"max-image-preview:large","max-video-preview":"max-video-preview:-1"},"canonical":"https:\/\/www.univ-mosta.dz\/fst\/annonce-de-la-deuxieme-edition-du-seminaire-national-n-t-i-d-s-e-26\/","og_locale":"fr_FR","og_type":"article","og_title":"Annonce de la deuxi\u00e8me \u00e9dition du S\u00e9minaire National N.T.I.D.S.E.26 - Facult\u00e9 des Sciences et de la Technologie","og_description":"Le Laboratoire des Mat\u00e9riaux et Proc\u00e9d\u00e9s de Construction (LMPC) et le D\u00e9partement de g\u00e9nie civil organisent le s\u00e9minaire national intitul\u00e9 \u00ab Nouvelles Technologies et D\u00e9veloppement des Infrastructures en G\u00e9nie Civil \u2013 Deuxi\u00e8me \u00e9dition \u00bb. Cet \u00e9v\u00e9nement est organis\u00e9 en collaboration avec la Facult\u00e9 des sciences et\u00a0 de la technologie de l\u2019Universit\u00e9 Abdelhamid Ibn Badis de &hellip;","og_url":"https:\/\/www.univ-mosta.dz\/fst\/annonce-de-la-deuxieme-edition-du-seminaire-national-n-t-i-d-s-e-26\/","og_site_name":"Facult\u00e9 des Sciences et de la Technologie","article_published_time":"2026-08-26T10:54:00+00:00","article_modified_time":"2026-09-03T17:16:22+00:00","og_image":[{"width":1665,"height":593,"url":"http:\/\/www.univ-mosta.dz\/fst\/wp-content\/uploads\/sites\/3\/2026\/09\/NTIDSE_26_Poster-1.jpg","type":"image\/jpeg"}],"author":"fstumab","twitter_card":"summary_large_image","twitter_misc":{"\u00c9crit par":"fstumab","Dur\u00e9e de lecture estim\u00e9e":"2 minutes"},"schema":{"@context":"https:\/\/schema.org","@graph":[{"@type":"Article","@id":"https:\/\/www.univ-mosta.dz\/fst\/annonce-de-la-deuxieme-edition-du-seminaire-national-n-t-i-d-s-e-26\/#article","isPartOf":{"@id":"https:\/\/www.univ-mosta.dz\/fst\/annonce-de-la-deuxieme-edition-du-seminaire-national-n-t-i-d-s-e-26\/"},"author":{"name":"fstumab","@id":"https:\/\/www.univ-mosta.dz\/fst\/#\/schema\/person\/12097e6454fbc6eeeeadaa03ab6f3f84"},"headline":"Annonce de la deuxi\u00e8me \u00e9dition du S\u00e9minaire National N.T.I.D.S.E.26","datePublished":"2026-08-26T10:54:00+00:00","dateModified":"2026-09-03T17:16:22+00:00","mainEntityOfPage":{"@id":"https:\/\/www.univ-mosta.dz\/fst\/annonce-de-la-deuxieme-edition-du-seminaire-national-n-t-i-d-s-e-26\/"},"wordCount":202,"image":{"@id":"https:\/\/www.univ-mosta.dz\/fst\/annonce-de-la-deuxieme-edition-du-seminaire-national-n-t-i-d-s-e-26\/#primaryimage"},"thumbnailUrl":"https:\/\/www.univ-mosta.dz\/fst\/wp-content\/uploads\/sites\/3\/2026\/09\/NTIDSE_26_Poster-1.jpg","articleSection":["A la lune","Actualit\u00e9s","Manifestations scientifique"],"inLanguage":"fr-FR"},{"@type":"WebPage","@id":"https:\/\/www.univ-mosta.dz\/fst\/annonce-de-la-deuxieme-edition-du-seminaire-national-n-t-i-d-s-e-26\/","url":"https:\/\/www.univ-mosta.dz\/fst\/annonce-de-la-deuxieme-edition-du-seminaire-national-n-t-i-d-s-e-26\/","name":"Annonce de la deuxi\u00e8me \u00e9dition du S\u00e9minaire National N.T.I.D.S.E.26 - Facult\u00e9 des Sciences et de la Technologie","isPartOf":{"@id":"https:\/\/www.univ-mosta.dz\/fst\/#website"},"primaryImageOfPage":{"@id":"https:\/\/www.univ-mosta.dz\/fst\/annonce-de-la-deuxieme-edition-du-seminaire-national-n-t-i-d-s-e-26\/#primaryimage"},"image":{"@id":"https:\/\/www.univ-mosta.dz\/fst\/annonce-de-la-deuxieme-edition-du-seminaire-national-n-t-i-d-s-e-26\/#primaryimage"},"thumbnailUrl":"https:\/\/www.univ-mosta.dz\/fst\/wp-content\/uploads\/sites\/3\/2026\/09\/NTIDSE_26_Poster-1.jpg","datePublished":"2026-08-26T10:54:00+00:00","dateModified":"2026-09-03T17:16:22+00:00","author":{"@id":"https:\/\/www.univ-mosta.dz\/fst\/#\/schema\/person\/12097e6454fbc6eeeeadaa03ab6f3f84"},"breadcrumb":{"@id":"https:\/\/www.univ-mosta.dz\/fst\/annonce-de-la-deuxieme-edition-du-seminaire-national-n-t-i-d-s-e-26\/#breadcrumb"},"inLanguage":"fr-FR","potentialAction":[{"@type":"ReadAction","target":["https:\/\/www.univ-mosta.dz\/fst\/annonce-de-la-deuxieme-edition-du-seminaire-national-n-t-i-d-s-e-26\/"]}]},{"@type":"ImageObject","inLanguage":"fr-FR","@id":"https:\/\/www.univ-mosta.dz\/fst\/annonce-de-la-deuxieme-edition-du-seminaire-national-n-t-i-d-s-e-26\/#primaryimage","url":"https:\/\/www.univ-mosta.dz\/fst\/wp-content\/uploads\/sites\/3\/2026\/09\/NTIDSE_26_Poster-1.jpg","contentUrl":"https:\/\/www.univ-mosta.dz\/fst\/wp-content\/uploads\/sites\/3\/2026\/09\/NTIDSE_26_Poster-1.jpg","width":1665,"height":593},{"@type":"BreadcrumbList","@id":"https:\/\/www.univ-mosta.dz\/fst\/annonce-de-la-deuxieme-edition-du-seminaire-national-n-t-i-d-s-e-26\/#breadcrumb","itemListElement":[{"@type":"ListItem","position":1,"name":"Accueil","item":"https:\/\/www.univ-mosta.dz\/fst\/"},{"@type":"ListItem","position":2,"name":"Annonce de la deuxi\u00e8me \u00e9dition du S\u00e9minaire National N.T.I.D.S.E.26"}]},{"@type":"WebSite","@id":"https:\/\/www.univ-mosta.dz\/fst\/#website","url":"https:\/\/www.univ-mosta.dz\/fst\/","name":"Facult\u00e9 des Sciences et de la Technologie","description":"UMAB","potentialAction":[{"@type":"SearchAction","target":{"@type":"EntryPoint","urlTemplate":"https:\/\/www.univ-mosta.dz\/fst\/?s={search_term_string}"},"query-input":{"@type":"PropertyValueSpecification","valueRequired":true,"valueName":"search_term_string"}}],"inLanguage":"fr-FR"},{"@type":"Person","@id":"https:\/\/www.univ-mosta.dz\/fst\/#\/schema\/person\/12097e6454fbc6eeeeadaa03ab6f3f84","name":"fstumab","image":{"@type":"ImageObject","inLanguage":"fr-FR","@id":"https:\/\/secure.gravatar.com\/avatar\/27c1b1fc640978ac40c9a8de575cdae30240af8fa58f9142617c2bb25bcd1313?s=96&d=mm&r=g","url":"https:\/\/secure.gravatar.com\/avatar\/27c1b1fc640978ac40c9a8de575cdae30240af8fa58f9142617c2bb25bcd1313?s=96&d=mm&r=g","contentUrl":"https:\/\/secure.gravatar.com\/avatar\/27c1b1fc640978ac40c9a8de575cdae30240af8fa58f9142617c2bb25bcd1313?s=96&d=mm&r=g","caption":"fstumab"},"url":"https:\/\/www.univ-mosta.dz\/fst\/author\/fstumab\/"}]}},"_links":{"self":[{"href":"https:\/\/www.univ-mosta.dz\/fst\/wp-json\/wp\/v2\/posts\/4210","targetHints":{"allow":["GET"]}}],"collection":[{"href":"https:\/\/www.univ-mosta.dz\/fst\/wp-json\/wp\/v2\/posts"}],"about":[{"href":"https:\/\/www.univ-mosta.dz\/fst\/wp-json\/wp\/v2\/types\/post"}],"author":[{"embeddable":true,"href":"https:\/\/www.univ-mosta.dz\/fst\/wp-json\/wp\/v2\/users\/13"}],"replies":[{"embeddable":true,"href":"https:\/\/www.univ-mosta.dz\/fst\/wp-json\/wp\/v2\/comments?post=4210"}],"version-history":[{"count":12,"href":"https:\/\/www.univ-mosta.dz\/fst\/wp-json\/wp\/v2\/posts\/4210\/revisions"}],"predecessor-version":[{"id":4240,"href":"https:\/\/www.univ-mosta.dz\/fst\/wp-json\/wp\/v2\/posts\/4210\/revisions\/4240"}],"wp:featuredmedia":[{"embeddable":true,"href":"https:\/\/www.univ-mosta.dz\/fst\/wp-json\/wp\/v2\/media\/4217"}],"wp:attachment":[{"href":"https:\/\/www.univ-mosta.dz\/fst\/wp-json\/wp\/v2\/media?parent=4210"}],"wp:term":[{"taxonomy":"category","embeddable":true,"href":"https:\/\/www.univ-mosta.dz\/fst\/wp-json\/wp\/v2\/categories?post=4210"},{"taxonomy":"post_tag","embeddable":true,"href":"https:\/\/www.univ-mosta.dz\/fst\/wp-json\/wp\/v2\/tags?post=4210"}],"curies":[{"name":"wp","href":"https:\/\/api.w.org\/{rel}","templated":true}]}}