{"id":4595,"date":"2025-10-26T23:51:54","date_gmt":"2025-10-26T22:51:54","guid":{"rendered":"https:\/\/www.univ-mosta.dz\/fle\/?p=4595"},"modified":"2025-10-26T23:54:18","modified_gmt":"2025-10-26T22:54:18","slug":"conge-academique-pour-lannee-universitaire-2025-2026","status":"publish","type":"post","link":"https:\/\/www.univ-mosta.dz\/fle\/conge-academique-pour-lannee-universitaire-2025-2026\/","title":{"rendered":"Cong\u00e9 acad\u00e9mique pour l\u2019ann\u00e9e universitaire 2025-2026"},"content":{"rendered":"\n<div dir=\"auto\">\u00a0<\/div>\n<div dir=\"auto\">Nous vous informons que les demandes de cong\u00e9 acad\u00e9mique pour l\u2019ann\u00e9e universitaire 2025-2026 doivent \u00eatre effectu\u00e9es\u00a0<b><u>exclusivement<\/u><\/b>\u00a0via la plateforme num\u00e9rique suivante :<\/div>\n<div dir=\"auto\">\u00a0<\/div>\n<div dir=\"auto\"><a href=\"http:\/\/e-demande-vrp.univ-mosta.dz\/index.php\/197444?lang=fr\" target=\"_blank\" rel=\"noopener\" data-saferedirecturl=\"https:\/\/www.google.com\/url?q=http:\/\/e-demande-vrp.univ-mosta.dz\/index.php\/197444?lang%3Dfr&amp;source=gmail&amp;ust=1761605002318000&amp;usg=AOvVaw1VX8VkTSaLZOrpDAiVh0KH\">http:\/\/e-demande-vrp.univ-mosta.dz\/index.php\/197444?lang=fr<\/a>\n<div dir=\"auto\">\n<div dir=\"auto\">\u00a0<\/div>\n<\/div>\n<\/div>\n","protected":false},"excerpt":{"rendered":"<p>\u00a0 Nous vous informons que les demandes de cong\u00e9 acad\u00e9mique pour l\u2019ann\u00e9e universitaire 2025-2026 doivent \u00eatre effectu\u00e9es\u00a0exclusivement\u00a0via la plateforme num\u00e9rique suivante : \u00a0 http:\/\/e-demande-vrp.univ-mosta.dz\/index.php\/197444?lang=fr \u00a0<\/p>\n","protected":false},"author":18,"featured_media":4598,"comment_status":"closed","ping_status":"closed","sticky":false,"template":"","format":"standard","meta":{"_coblocks_attr":"","_coblocks_dimensions":"","_coblocks_responsive_height":"","_coblocks_accordion_ie_support":"","footnotes":""},"categories":[77],"tags":[],"class_list":["post-4595","post","type-post","status-publish","format-standard","has-post-thumbnail","hentry","category-actualites"],"yoast_head":"<!-- This site is optimized with the Yoast SEO plugin v28.3 - https:\/\/yoast.com\/product\/yoast-seo-wordpress\/ -->\n<title>Cong\u00e9 acad\u00e9mique pour l\u2019ann\u00e9e universitaire 2025-2026 - Facult\u00e9 des langues \u00e9trang\u00e8res<\/title>\n<meta name=\"robots\" content=\"index, follow, max-snippet:-1, max-image-preview:large, max-video-preview:-1\" \/>\n<link rel=\"canonical\" href=\"https:\/\/www.univ-mosta.dz\/fle\/conge-academique-pour-lannee-universitaire-2025-2026\/\" \/>\n<meta property=\"og:locale\" content=\"fr_FR\" \/>\n<meta property=\"og:type\" content=\"article\" \/>\n<meta property=\"og:title\" content=\"Cong\u00e9 acad\u00e9mique pour l\u2019ann\u00e9e universitaire 2025-2026 - Facult\u00e9 des langues \u00e9trang\u00e8res\" \/>\n<meta property=\"og:description\" content=\"\u00a0 Nous vous informons que les demandes de cong\u00e9 acad\u00e9mique pour l\u2019ann\u00e9e universitaire 2025-2026 doivent \u00eatre effectu\u00e9es\u00a0exclusivement\u00a0via la plateforme num\u00e9rique suivante : \u00a0 http:\/\/e-demande-vrp.univ-mosta.dz\/index.php\/197444?lang=fr \u00a0\" \/>\n<meta property=\"og:url\" content=\"https:\/\/www.univ-mosta.dz\/fle\/conge-academique-pour-lannee-universitaire-2025-2026\/\" \/>\n<meta property=\"og:site_name\" content=\"Facult\u00e9 des langues \u00e9trang\u00e8res\" \/>\n<meta property=\"article:published_time\" content=\"2025-10-26T22:51:54+00:00\" \/>\n<meta property=\"article:modified_time\" content=\"2025-10-26T22:54:18+00:00\" \/>\n<meta property=\"og:image\" content=\"https:\/\/www.univ-mosta.dz\/fle\/wp-content\/uploads\/sites\/2\/2025\/10\/conge-academique2.jpg\" \/>\n\t<meta property=\"og:image:width\" content=\"296\" \/>\n\t<meta property=\"og:image:height\" content=\"170\" \/>\n\t<meta property=\"og:image:type\" content=\"image\/jpeg\" \/>\n<meta name=\"author\" content=\"Facult\u00e9 des Langues Etrang\u00e8res\" \/>\n<meta name=\"twitter:card\" content=\"summary_large_image\" \/>\n<meta name=\"twitter:label1\" content=\"\u00c9crit par\" \/>\n\t<meta name=\"twitter:data1\" content=\"Facult\u00e9 des Langues Etrang\u00e8res\" \/>\n<script type=\"application\/ld+json\" class=\"yoast-schema-graph\">{\"@context\":\"https:\\\/\\\/schema.org\",\"@graph\":[{\"@type\":\"Article\",\"@id\":\"https:\\\/\\\/www.univ-mosta.dz\\\/fle\\\/conge-academique-pour-lannee-universitaire-2025-2026\\\/#article\",\"isPartOf\":{\"@id\":\"https:\\\/\\\/www.univ-mosta.dz\\\/fle\\\/conge-academique-pour-lannee-universitaire-2025-2026\\\/\"},\"author\":{\"name\":\"Facult\u00e9 des Langues Etrang\u00e8res\",\"@id\":\"https:\\\/\\\/www.univ-mosta.dz\\\/fle\\\/#\\\/schema\\\/person\\\/a9342c2ee3ccb772d71045b079296aba\"},\"headline\":\"Cong\u00e9 acad\u00e9mique pour l\u2019ann\u00e9e universitaire 2025-2026\",\"datePublished\":\"2025-10-26T22:51:54+00:00\",\"dateModified\":\"2025-10-26T22:54:18+00:00\",\"mainEntityOfPage\":{\"@id\":\"https:\\\/\\\/www.univ-mosta.dz\\\/fle\\\/conge-academique-pour-lannee-universitaire-2025-2026\\\/\"},\"wordCount\":44,\"image\":{\"@id\":\"https:\\\/\\\/www.univ-mosta.dz\\\/fle\\\/conge-academique-pour-lannee-universitaire-2025-2026\\\/#primaryimage\"},\"thumbnailUrl\":\"https:\\\/\\\/www.univ-mosta.dz\\\/fle\\\/wp-content\\\/uploads\\\/sites\\\/2\\\/2025\\\/10\\\/conge-academique2.jpg\",\"articleSection\":[\"Actualit\u00e9s\"],\"inLanguage\":\"fr-FR\"},{\"@type\":\"WebPage\",\"@id\":\"https:\\\/\\\/www.univ-mosta.dz\\\/fle\\\/conge-academique-pour-lannee-universitaire-2025-2026\\\/\",\"url\":\"https:\\\/\\\/www.univ-mosta.dz\\\/fle\\\/conge-academique-pour-lannee-universitaire-2025-2026\\\/\",\"name\":\"Cong\u00e9 acad\u00e9mique pour l\u2019ann\u00e9e universitaire 2025-2026 - Facult\u00e9 des langues \u00e9trang\u00e8res\",\"isPartOf\":{\"@id\":\"https:\\\/\\\/www.univ-mosta.dz\\\/fle\\\/#website\"},\"primaryImageOfPage\":{\"@id\":\"https:\\\/\\\/www.univ-mosta.dz\\\/fle\\\/conge-academique-pour-lannee-universitaire-2025-2026\\\/#primaryimage\"},\"image\":{\"@id\":\"https:\\\/\\\/www.univ-mosta.dz\\\/fle\\\/conge-academique-pour-lannee-universitaire-2025-2026\\\/#primaryimage\"},\"thumbnailUrl\":\"https:\\\/\\\/www.univ-mosta.dz\\\/fle\\\/wp-content\\\/uploads\\\/sites\\\/2\\\/2025\\\/10\\\/conge-academique2.jpg\",\"datePublished\":\"2025-10-26T22:51:54+00:00\",\"dateModified\":\"2025-10-26T22:54:18+00:00\",\"author\":{\"@id\":\"https:\\\/\\\/www.univ-mosta.dz\\\/fle\\\/#\\\/schema\\\/person\\\/a9342c2ee3ccb772d71045b079296aba\"},\"breadcrumb\":{\"@id\":\"https:\\\/\\\/www.univ-mosta.dz\\\/fle\\\/conge-academique-pour-lannee-universitaire-2025-2026\\\/#breadcrumb\"},\"inLanguage\":\"fr-FR\",\"potentialAction\":[{\"@type\":\"ReadAction\",\"target\":[\"https:\\\/\\\/www.univ-mosta.dz\\\/fle\\\/conge-academique-pour-lannee-universitaire-2025-2026\\\/\"]}]},{\"@type\":\"ImageObject\",\"inLanguage\":\"fr-FR\",\"@id\":\"https:\\\/\\\/www.univ-mosta.dz\\\/fle\\\/conge-academique-pour-lannee-universitaire-2025-2026\\\/#primaryimage\",\"url\":\"https:\\\/\\\/www.univ-mosta.dz\\\/fle\\\/wp-content\\\/uploads\\\/sites\\\/2\\\/2025\\\/10\\\/conge-academique2.jpg\",\"contentUrl\":\"https:\\\/\\\/www.univ-mosta.dz\\\/fle\\\/wp-content\\\/uploads\\\/sites\\\/2\\\/2025\\\/10\\\/conge-academique2.jpg\",\"width\":296,\"height\":170},{\"@type\":\"BreadcrumbList\",\"@id\":\"https:\\\/\\\/www.univ-mosta.dz\\\/fle\\\/conge-academique-pour-lannee-universitaire-2025-2026\\\/#breadcrumb\",\"itemListElement\":[{\"@type\":\"ListItem\",\"position\":1,\"name\":\"Accueil\",\"item\":\"https:\\\/\\\/www.univ-mosta.dz\\\/fle\\\/\"},{\"@type\":\"ListItem\",\"position\":2,\"name\":\"Cong\u00e9 acad\u00e9mique pour l\u2019ann\u00e9e universitaire 2025-2026\"}]},{\"@type\":\"WebSite\",\"@id\":\"https:\\\/\\\/www.univ-mosta.dz\\\/fle\\\/#website\",\"url\":\"https:\\\/\\\/www.univ-mosta.dz\\\/fle\\\/\",\"name\":\"Facult\u00e9 des langues \u00e9trang\u00e8res\",\"description\":\"Universit\u00e9 Abdelhamid Ibn Badis Mostaganem\",\"potentialAction\":[{\"@type\":\"SearchAction\",\"target\":{\"@type\":\"EntryPoint\",\"urlTemplate\":\"https:\\\/\\\/www.univ-mosta.dz\\\/fle\\\/?s={search_term_string}\"},\"query-input\":{\"@type\":\"PropertyValueSpecification\",\"valueRequired\":true,\"valueName\":\"search_term_string\"}}],\"inLanguage\":\"fr-FR\"},{\"@type\":\"Person\",\"@id\":\"https:\\\/\\\/www.univ-mosta.dz\\\/fle\\\/#\\\/schema\\\/person\\\/a9342c2ee3ccb772d71045b079296aba\",\"name\":\"Facult\u00e9 des Langues Etrang\u00e8res\",\"sameAs\":[\"http:\\\/\\\/umab\"],\"url\":\"https:\\\/\\\/www.univ-mosta.dz\\\/fle\\\/author\\\/fleumab27\\\/\"}]}<\/script>\n<!-- \/ Yoast SEO plugin. -->","yoast_head_json":{"title":"Cong\u00e9 acad\u00e9mique pour l\u2019ann\u00e9e universitaire 2025-2026 - Facult\u00e9 des langues \u00e9trang\u00e8res","robots":{"index":"index","follow":"follow","max-snippet":"max-snippet:-1","max-image-preview":"max-image-preview:large","max-video-preview":"max-video-preview:-1"},"canonical":"https:\/\/www.univ-mosta.dz\/fle\/conge-academique-pour-lannee-universitaire-2025-2026\/","og_locale":"fr_FR","og_type":"article","og_title":"Cong\u00e9 acad\u00e9mique pour l\u2019ann\u00e9e universitaire 2025-2026 - Facult\u00e9 des langues \u00e9trang\u00e8res","og_description":"\u00a0 Nous vous informons que les demandes de cong\u00e9 acad\u00e9mique pour l\u2019ann\u00e9e universitaire 2025-2026 doivent \u00eatre effectu\u00e9es\u00a0exclusivement\u00a0via la plateforme num\u00e9rique suivante : \u00a0 http:\/\/e-demande-vrp.univ-mosta.dz\/index.php\/197444?lang=fr \u00a0","og_url":"https:\/\/www.univ-mosta.dz\/fle\/conge-academique-pour-lannee-universitaire-2025-2026\/","og_site_name":"Facult\u00e9 des langues \u00e9trang\u00e8res","article_published_time":"2025-10-26T22:51:54+00:00","article_modified_time":"2025-10-26T22:54:18+00:00","og_image":[{"width":296,"height":170,"url":"https:\/\/www.univ-mosta.dz\/fle\/wp-content\/uploads\/sites\/2\/2025\/10\/conge-academique2.jpg","type":"image\/jpeg"}],"author":"Facult\u00e9 des Langues Etrang\u00e8res","twitter_card":"summary_large_image","twitter_misc":{"\u00c9crit par":"Facult\u00e9 des Langues Etrang\u00e8res"},"schema":{"@context":"https:\/\/schema.org","@graph":[{"@type":"Article","@id":"https:\/\/www.univ-mosta.dz\/fle\/conge-academique-pour-lannee-universitaire-2025-2026\/#article","isPartOf":{"@id":"https:\/\/www.univ-mosta.dz\/fle\/conge-academique-pour-lannee-universitaire-2025-2026\/"},"author":{"name":"Facult\u00e9 des Langues Etrang\u00e8res","@id":"https:\/\/www.univ-mosta.dz\/fle\/#\/schema\/person\/a9342c2ee3ccb772d71045b079296aba"},"headline":"Cong\u00e9 acad\u00e9mique pour l\u2019ann\u00e9e universitaire 2025-2026","datePublished":"2025-10-26T22:51:54+00:00","dateModified":"2025-10-26T22:54:18+00:00","mainEntityOfPage":{"@id":"https:\/\/www.univ-mosta.dz\/fle\/conge-academique-pour-lannee-universitaire-2025-2026\/"},"wordCount":44,"image":{"@id":"https:\/\/www.univ-mosta.dz\/fle\/conge-academique-pour-lannee-universitaire-2025-2026\/#primaryimage"},"thumbnailUrl":"https:\/\/www.univ-mosta.dz\/fle\/wp-content\/uploads\/sites\/2\/2025\/10\/conge-academique2.jpg","articleSection":["Actualit\u00e9s"],"inLanguage":"fr-FR"},{"@type":"WebPage","@id":"https:\/\/www.univ-mosta.dz\/fle\/conge-academique-pour-lannee-universitaire-2025-2026\/","url":"https:\/\/www.univ-mosta.dz\/fle\/conge-academique-pour-lannee-universitaire-2025-2026\/","name":"Cong\u00e9 acad\u00e9mique pour l\u2019ann\u00e9e universitaire 2025-2026 - Facult\u00e9 des langues \u00e9trang\u00e8res","isPartOf":{"@id":"https:\/\/www.univ-mosta.dz\/fle\/#website"},"primaryImageOfPage":{"@id":"https:\/\/www.univ-mosta.dz\/fle\/conge-academique-pour-lannee-universitaire-2025-2026\/#primaryimage"},"image":{"@id":"https:\/\/www.univ-mosta.dz\/fle\/conge-academique-pour-lannee-universitaire-2025-2026\/#primaryimage"},"thumbnailUrl":"https:\/\/www.univ-mosta.dz\/fle\/wp-content\/uploads\/sites\/2\/2025\/10\/conge-academique2.jpg","datePublished":"2025-10-26T22:51:54+00:00","dateModified":"2025-10-26T22:54:18+00:00","author":{"@id":"https:\/\/www.univ-mosta.dz\/fle\/#\/schema\/person\/a9342c2ee3ccb772d71045b079296aba"},"breadcrumb":{"@id":"https:\/\/www.univ-mosta.dz\/fle\/conge-academique-pour-lannee-universitaire-2025-2026\/#breadcrumb"},"inLanguage":"fr-FR","potentialAction":[{"@type":"ReadAction","target":["https:\/\/www.univ-mosta.dz\/fle\/conge-academique-pour-lannee-universitaire-2025-2026\/"]}]},{"@type":"ImageObject","inLanguage":"fr-FR","@id":"https:\/\/www.univ-mosta.dz\/fle\/conge-academique-pour-lannee-universitaire-2025-2026\/#primaryimage","url":"https:\/\/www.univ-mosta.dz\/fle\/wp-content\/uploads\/sites\/2\/2025\/10\/conge-academique2.jpg","contentUrl":"https:\/\/www.univ-mosta.dz\/fle\/wp-content\/uploads\/sites\/2\/2025\/10\/conge-academique2.jpg","width":296,"height":170},{"@type":"BreadcrumbList","@id":"https:\/\/www.univ-mosta.dz\/fle\/conge-academique-pour-lannee-universitaire-2025-2026\/#breadcrumb","itemListElement":[{"@type":"ListItem","position":1,"name":"Accueil","item":"https:\/\/www.univ-mosta.dz\/fle\/"},{"@type":"ListItem","position":2,"name":"Cong\u00e9 acad\u00e9mique pour l\u2019ann\u00e9e universitaire 2025-2026"}]},{"@type":"WebSite","@id":"https:\/\/www.univ-mosta.dz\/fle\/#website","url":"https:\/\/www.univ-mosta.dz\/fle\/","name":"Facult\u00e9 des langues \u00e9trang\u00e8res","description":"Universit\u00e9 Abdelhamid Ibn Badis Mostaganem","potentialAction":[{"@type":"SearchAction","target":{"@type":"EntryPoint","urlTemplate":"https:\/\/www.univ-mosta.dz\/fle\/?s={search_term_string}"},"query-input":{"@type":"PropertyValueSpecification","valueRequired":true,"valueName":"search_term_string"}}],"inLanguage":"fr-FR"},{"@type":"Person","@id":"https:\/\/www.univ-mosta.dz\/fle\/#\/schema\/person\/a9342c2ee3ccb772d71045b079296aba","name":"Facult\u00e9 des Langues Etrang\u00e8res","sameAs":["http:\/\/umab"],"url":"https:\/\/www.univ-mosta.dz\/fle\/author\/fleumab27\/"}]}},"_links":{"self":[{"href":"https:\/\/www.univ-mosta.dz\/fle\/wp-json\/wp\/v2\/posts\/4595","targetHints":{"allow":["GET"]}}],"collection":[{"href":"https:\/\/www.univ-mosta.dz\/fle\/wp-json\/wp\/v2\/posts"}],"about":[{"href":"https:\/\/www.univ-mosta.dz\/fle\/wp-json\/wp\/v2\/types\/post"}],"author":[{"embeddable":true,"href":"https:\/\/www.univ-mosta.dz\/fle\/wp-json\/wp\/v2\/users\/18"}],"replies":[{"embeddable":true,"href":"https:\/\/www.univ-mosta.dz\/fle\/wp-json\/wp\/v2\/comments?post=4595"}],"version-history":[{"count":1,"href":"https:\/\/www.univ-mosta.dz\/fle\/wp-json\/wp\/v2\/posts\/4595\/revisions"}],"predecessor-version":[{"id":4597,"href":"https:\/\/www.univ-mosta.dz\/fle\/wp-json\/wp\/v2\/posts\/4595\/revisions\/4597"}],"wp:featuredmedia":[{"embeddable":true,"href":"https:\/\/www.univ-mosta.dz\/fle\/wp-json\/wp\/v2\/media\/4598"}],"wp:attachment":[{"href":"https:\/\/www.univ-mosta.dz\/fle\/wp-json\/wp\/v2\/media?parent=4595"}],"wp:term":[{"taxonomy":"category","embeddable":true,"href":"https:\/\/www.univ-mosta.dz\/fle\/wp-json\/wp\/v2\/categories?post=4595"},{"taxonomy":"post_tag","embeddable":true,"href":"https:\/\/www.univ-mosta.dz\/fle\/wp-json\/wp\/v2\/tags?post=4595"}],"curies":[{"name":"wp","href":"https:\/\/api.w.org\/{rel}","templated":true}]}}