{"id":278,"date":"2020-02-25T17:44:30","date_gmt":"2020-02-25T16:44:30","guid":{"rendered":"http:\/\/www.univ-mosta.dz\/fle\/?p=278"},"modified":"2020-02-25T23:41:13","modified_gmt":"2020-02-25T22:41:13","slug":"les-pathologies-communicationnelles-dans-lenseignement-superieur","status":"publish","type":"post","link":"https:\/\/www.univ-mosta.dz\/fle\/les-pathologies-communicationnelles-dans-lenseignement-superieur\/","title":{"rendered":"Les pathologies communicationnelles dans l\u2019enseignement sup\u00e9rieur"},"content":{"rendered":"<p>Dans le cadre des activit\u00e9s scientifiques organis\u00e9es par le Laboratoire -Didactique des projets de formation et conception de curricula DPFcc-, j&rsquo;ai le plaisir de vous inviter \u00e0 assister \u00e0 une Conf\u00e9rence-D\u00e9bat\u00a0portant sur la question des \u00ab\u00a0Pathologies communicationnelles dans l&rsquo;enseignement sup\u00e9rieur\u00a0\u00bb anim\u00e9e par Dr. Roubai-Chorfi Nabil qui aura lieu le mardi 3 mars 2020 au si\u00e8ge du Laboratoire-INES. La conf\u00e9rence s&rsquo;inscrit dans le cadre d&rsquo;une r\u00e9flexion qui, \u00e0 partir d&rsquo;une approche didactique, tente une incursion multidisciplinaire dans le domaine de l&rsquo;enseignement universitaire en alliant les sciences de l&rsquo;\u00e9ducation et celles de la communication.<\/p>\n<p><strong><em>Pour<\/em><\/strong>\u00a0plus de d\u00e9tails au sujet de\u00a0<strong><em>cette conf\u00e9rence<\/em><\/strong>,<a href=\"https:\/\/www.univ-mosta.dz\/fle\/wp-content\/uploads\/sites\/2\/2020\/02\/Conf%C3%A9rence-r%C3%A9sum%C3%A9-et-biographie.pdf\"><img loading=\"lazy\" decoding=\"async\" class=\"alignnone\" src=\"https:\/\/www.univ-usto.dz\/faculte\/fac-snv\/images\/imagSNV\/cliquez-ici.gif\" alt=\"\u0646\u062a\u064a\u062c\u0629 \u0628\u062d\u062b \u0627\u0644\u0635\u0648\u0631 \u0639\u0646 cliquez ici.gif\" width=\"175\" height=\"54\" \/><\/a><\/p>\n<p>&nbsp;<\/p>\n","protected":false},"excerpt":{"rendered":"<p>Dans le cadre des activit\u00e9s scientifiques organis\u00e9es par le Laboratoire -Didactique des projets de formation et conception de curricula DPFcc-, j&rsquo;ai le plaisir de vous inviter \u00e0 assister \u00e0 une &hellip;<\/p>\n","protected":false},"author":18,"featured_media":307,"comment_status":"closed","ping_status":"closed","sticky":false,"template":"","format":"standard","meta":{"_coblocks_attr":"","_coblocks_dimensions":"","_coblocks_responsive_height":"","_coblocks_accordion_ie_support":"","footnotes":""},"categories":[14],"tags":[],"class_list":["post-278","post","type-post","status-publish","format-standard","has-post-thumbnail","hentry","category-conference-debat"],"_links":{"self":[{"href":"https:\/\/www.univ-mosta.dz\/fle\/wp-json\/wp\/v2\/posts\/278","targetHints":{"allow":["GET"]}}],"collection":[{"href":"https:\/\/www.univ-mosta.dz\/fle\/wp-json\/wp\/v2\/posts"}],"about":[{"href":"https:\/\/www.univ-mosta.dz\/fle\/wp-json\/wp\/v2\/types\/post"}],"author":[{"embeddable":true,"href":"https:\/\/www.univ-mosta.dz\/fle\/wp-json\/wp\/v2\/users\/18"}],"replies":[{"embeddable":true,"href":"https:\/\/www.univ-mosta.dz\/fle\/wp-json\/wp\/v2\/comments?post=278"}],"version-history":[{"count":16,"href":"https:\/\/www.univ-mosta.dz\/fle\/wp-json\/wp\/v2\/posts\/278\/revisions"}],"predecessor-version":[{"id":298,"href":"https:\/\/www.univ-mosta.dz\/fle\/wp-json\/wp\/v2\/posts\/278\/revisions\/298"}],"wp:featuredmedia":[{"embeddable":true,"href":"https:\/\/www.univ-mosta.dz\/fle\/wp-json\/wp\/v2\/media\/307"}],"wp:attachment":[{"href":"https:\/\/www.univ-mosta.dz\/fle\/wp-json\/wp\/v2\/media?parent=278"}],"wp:term":[{"taxonomy":"category","embeddable":true,"href":"https:\/\/www.univ-mosta.dz\/fle\/wp-json\/wp\/v2\/categories?post=278"},{"taxonomy":"post_tag","embeddable":true,"href":"https:\/\/www.univ-mosta.dz\/fle\/wp-json\/wp\/v2\/tags?post=278"}],"curies":[{"name":"wp","href":"https:\/\/api.w.org\/{rel}","templated":true}]}}